{"id":14239,"date":"2017-07-11T11:29:36","date_gmt":"2017-07-11T14:29:36","guid":{"rendered":"http:\/\/actualidadadiario.com\/site\/?p=14239"},"modified":"2017-07-11T11:29:36","modified_gmt":"2017-07-11T14:29:36","slug":"inflacion-congreso-fue-de-13-en-junio-preocupan-aumentos-julio","status":"publish","type":"post","link":"https:\/\/www.actualidadadiario.com\/index.php\/2017\/07\/11\/inflacion-congreso-fue-de-13-en-junio-preocupan-aumentos-julio\/","title":{"rendered":"Inflaci\u00f3n Congreso fue de 1,3% en junio (preocupan aumentos julio)"},"content":{"rendered":"<p><em><strong>La inflaci\u00f3n que miden algunos bloques del Congreso nacional fue de 1,3 % en junio. Sin embargo, desde los equipos econ\u00f3micos del Frente Renovador, el GEN, Libres del Sur y el Partido Socialista ya expresaron que la mayor preocupaci\u00f3n es julio<\/strong><\/em><\/p>\n<p>&nbsp;<\/p>\n<p>&nbsp;<\/p>\n<p>&nbsp;<\/p>\n<p>&nbsp;<\/p>\n<p>&#8220;La inflaci\u00f3n en el sexto mes del a\u00f1o alcanz\u00f3 1,3%, mostrando en el primer semestre del a\u00f1o un alza del 11,7%, y del 23,4% en los \u00faltimos 12 meses&#8221;, informaron desde las bancadas opositoras.<\/p>\n<p>&nbsp;<\/p>\n<p>&#8220;Las principales subas del mes estuvieron centradas en equipamiento y mantenimiento del hogar, y alimentos y bebidas. En el caso de alimentos, la suba alcanz\u00f3 1,5%, algo menos que en los meses anteriores, en parte debido a la evoluci\u00f3n de los productos estacionales (especialmente las frutas)&#8221;, destacaron.<\/p>\n<p>&nbsp;<\/p>\n<p>Seg\u00fan el reporte elaborado bajo el mando del diputado Marco Lavagna, una de las principales complicaciones se detect\u00f3 en la inflaci\u00f3n n\u00facleo. &#8220;El IPC Core -aquel que mide el \u00edndice de precios al consumidor sin tener en cuenta a los productos y servicios cuyos valores dependen de la \u00e9poca del a\u00f1o-, sigue sin evidenciar una desaceleraci\u00f3n significativa: en junio mostr\u00f3 una suba de 1,8%, en l\u00ednea con el promedio de los primeros cinco meses del a\u00f1o&#8221;, expresaron los legisladores.<\/p>\n<p>&nbsp;<\/p>\n<p>&#8220;Uno de los principales focos de preocupaci\u00f3n es que el IPC Core -que adem\u00e1s permite conocer la tendencia de los precios a mediano plazo- permanezca en torno de esos niveles, lo que implica que la inflaci\u00f3n estructural todav\u00eda no abandona el rango del 20% al 25% anual de los \u00faltimos 10 a\u00f1os&#8221;, agregaron.<\/p>\n<p>&nbsp;<\/p>\n<p>En ese marco, alertaron que &#8220;sobre esta base elevada en julio se concentren muchos aumentos puntuales, como naftas, expensas, prepagas, cigarrillos y personal dom\u00e9stico, que seguramente empujar\u00e1n el \u00edndice en su tendencia alcista considerando, a su vez, un traspaso a los precios de la reciente suba del d\u00f3lar&#8221;.<\/p>\n<p>&nbsp;<\/p>\n<p>La semana pasada el Observatorio de Datos Econ\u00f3micos y Sociales de la CGT estim\u00f3 que la inflaci\u00f3n de junio se ubic\u00f3 en 1,8% y acumula un alza del costo de vida del 28,37% en el \u00faltimo a\u00f1o.<\/p>\n<p>&nbsp;<\/p>\n<p>El Instituto Estad\u00edstico de los Trabajadores, creado por la Universidad Metropolitana para la Educaci\u00f3n y el Trabajo, registr\u00f3 una suba del costo de vida de 1,3% en junio, mostrando una leve disminuci\u00f3n respecto del mes anterior. En el sexto mes del a\u00f1o fue del 23,4% interanual.<\/p>\n","protected":false},"excerpt":{"rendered":"<p>La inflaci\u00f3n que miden algunos bloques del Congreso nacional fue de 1,3 % en junio. Sin embargo, desde los equipos econ\u00f3micos del Frente Renovador, el GEN, Libres del Sur y el Partido Socialista ya expresaron que la mayor preocupaci\u00f3n es julio &nbsp; &nbsp; &nbsp; &nbsp; &#8220;La inflaci\u00f3n en el sexto mes del a\u00f1o alcanz\u00f3 1,3%, mostrando en el primer semestre del a\u00f1o un alza del 11,7%, y del 23,4% en los \u00faltimos 12 meses&#8221;, informaron desde las bancadas opositoras. &nbsp; &#8220;Las principales subas del mes estuvieron centradas en equipamiento y&#8230;<\/p>\n","protected":false},"author":3,"featured_media":14019,"comment_status":"closed","ping_status":"closed","sticky":false,"template":"","format":"standard","meta":[],"categories":[2],"tags":[],"_links":{"self":[{"href":"https:\/\/www.actualidadadiario.com\/index.php\/wp-json\/wp\/v2\/posts\/14239"}],"collection":[{"href":"https:\/\/www.actualidadadiario.com\/index.php\/wp-json\/wp\/v2\/posts"}],"about":[{"href":"https:\/\/www.actualidadadiario.com\/index.php\/wp-json\/wp\/v2\/types\/post"}],"author":[{"embeddable":true,"href":"https:\/\/www.actualidadadiario.com\/index.php\/wp-json\/wp\/v2\/users\/3"}],"replies":[{"embeddable":true,"href":"https:\/\/www.actualidadadiario.com\/index.php\/wp-json\/wp\/v2\/comments?post=14239"}],"version-history":[{"count":1,"href":"https:\/\/www.actualidadadiario.com\/index.php\/wp-json\/wp\/v2\/posts\/14239\/revisions"}],"predecessor-version":[{"id":14240,"href":"https:\/\/www.actualidadadiario.com\/index.php\/wp-json\/wp\/v2\/posts\/14239\/revisions\/14240"}],"wp:featuredmedia":[{"embeddable":true,"href":"https:\/\/www.actualidadadiario.com\/index.php\/wp-json\/wp\/v2\/media\/14019"}],"wp:attachment":[{"href":"https:\/\/www.actualidadadiario.com\/index.php\/wp-json\/wp\/v2\/media?parent=14239"}],"wp:term":[{"taxonomy":"category","embeddable":true,"href":"https:\/\/www.actualidadadiario.com\/index.php\/wp-json\/wp\/v2\/categories?post=14239"},{"taxonomy":"post_tag","embeddable":true,"href":"https:\/\/www.actualidadadiario.com\/index.php\/wp-json\/wp\/v2\/tags?post=14239"}],"curies":[{"name":"wp","href":"https:\/\/api.w.org\/{rel}","templated":true}]}}