{"id":14236,"date":"2017-07-11T11:28:16","date_gmt":"2017-07-11T14:28:16","guid":{"rendered":"http:\/\/actualidadadiario.com\/site\/?p=14236"},"modified":"2017-07-11T11:28:16","modified_gmt":"2017-07-11T14:28:16","slug":"el-charrua-se-mudara-al-acceso-norte","status":"publish","type":"post","link":"https:\/\/www.actualidadadiario.com\/index.php\/2017\/07\/11\/el-charrua-se-mudara-al-acceso-norte\/","title":{"rendered":"El Charr\u00faa se mudar\u00e1 al Acceso Norte"},"content":{"rendered":"<p><em><strong>El mercado de frutas y hortalizas ser\u00e1 trasladado a un predio junto al Parque Bot\u00e1nico. Seg\u00fan indicaron responsables de la iniciativa, el proyecto es superador por el mejor acceso y espacio disponible<\/strong><\/em><\/p>\n<p>&nbsp;<\/p>\n<p>&nbsp;<\/p>\n<p>&nbsp;<\/p>\n<p>&nbsp;<\/p>\n<p>El futuro emplazamiento ser\u00e1 m\u00e1s amplio y con mayor espacio para carga y descarga. Una de las ventajas de esta localizaci\u00f3n es la cercan\u00eda con el puente proyectado entre Paran\u00e1 y Santa Fe.<\/p>\n<p>&nbsp;<\/p>\n<p>En una reuni\u00f3n entre el Municipio y productores se planific\u00f3 el traslado del mercado El Charr\u00faa a un sector lindante al Parque Bot\u00e1nico en la zona del Acceso Norte.<\/p>\n<p>&nbsp;<\/p>\n<p>Su ubicaci\u00f3n en cercan\u00edas a la traza del futuro puente entre Paran\u00e1 y Santa Fe se ve como una potencialidad. El predio ser\u00e1 m\u00e1s amplio y con mayor espacio para carga y descarga.<\/p>\n<p>&nbsp;<\/p>\n<p>\u201cEl gran avance es la definici\u00f3n de la ubicaci\u00f3n y del inicio del proyecto\u201d, dijo Francisco Mathieu, secretario de la Producci\u00f3n del Municipio. \u201cEsto es un paso importante porque es lo que solicita el Estado Nacional\u201d para el financiamiento de la obra, explic\u00f3.<\/p>\n<p>&nbsp;<\/p>\n<p>El nuevo emplazamiento est\u00e1 previsto en un sector lindante al actual Parque Bot\u00e1nico y al Vivero municipal. El plan incluye el ingreso al predio por una calle lateral para de evitar la entrada por el transitado Acceso Norte. Una de las ventajas de esta localizaci\u00f3n que se resalt\u00f3 es la cercan\u00eda con el puente proyectado entre Paran\u00e1 y Santa Fe.<\/p>\n<p>&nbsp;<\/p>\n<p>La planificaci\u00f3n de la mudanza tuvo lugar la semana pasada en una reuni\u00f3n de la que participaron el mencionado funcionario; el director del Parque Industrial, Franco Zapata; la presidenta del \u201cEl Charr\u00faa\u201d, Anal\u00eda Drag\u00e1n; el director del mercado, Crist\u00f3bal Colombo, entre otros.<\/p>\n<p>&nbsp;<\/p>\n<p>\u201cEl nuevo proyecto es superador en todo sentido tanto en la superficie total como cubierta. Tambi\u00e9n en lo referido a la log\u00edstica con un mejor acceso para que los camiones puedan operar mejor\u201d, indic\u00f3 Zapata.<\/p>\n<p>&nbsp;<\/p>\n<p>El traslado de El Charr\u00faa busca descomprimir el tr\u00e1nsito en la zona de avenida Almafuerte, sede actual del mercado. Esa zona ha experimentado un crecimiento demogr\u00e1fico y el consiguiente aumento de veh\u00edculos.<\/p>\n<p>&nbsp;<\/p>\n<p>&nbsp;<\/p>\n<p><strong>Trabajo<\/strong><\/p>\n<p>Por otra parte, Mathieu indic\u00f3 que el trabajo est\u00e1 pensado en dos etapas. En la primera, se construir\u00e1 un ala en la que funcionar\u00e1 el nuevo mercado fruti hort\u00edcola. En la segunda, se prev\u00e9 una ampliaci\u00f3n para incorporar m\u00e1s puestos y productos regionales.<\/p>\n<p>&nbsp;<\/p>\n<p>El titular de la Producci\u00f3n se\u00f1al\u00f3 que comparte la visi\u00f3n de quienes integran la actividad frutihort\u00edcola y \u201ccreemos en el mercado concentrador como una unidad econ\u00f3mica capaz de potencializar la comercializaci\u00f3n de productos locales\u201d.<\/p>\n<p>&nbsp;<\/p>\n<p>Esta medida se suma a otras acciones que el Municipio lleva adelante con el objetivo de alcanzar un mayor desarrollo productivo de la regi\u00f3n.<\/p>\n<p>&nbsp;<\/p>\n<p>&nbsp;<\/p>\n<p><strong>C\u00f3mo funciona actualmente<\/strong><\/p>\n<p>El Mercado El Charr\u00faa est\u00e1 ubicado sobre avenida Almafuerte y tiene dos hect\u00e1reas. La superficie cubierta es de 4.500 metros cuadrados. All\u00ed funcionan 39 puestos para productores y comerciantes mayoristas.<\/p>\n<p>&nbsp;<\/p>\n<p>El proyecto es trasladar a esos actores a un predio m\u00e1s grande, mejor equipado, con espacio para veh\u00edculos y dise\u00f1ado para su funci\u00f3n espec\u00edfica. El objetivo es aumentar los servicios brindados e incrementar el n\u00famero de productores que all\u00ed comercialicen.<\/p>\n","protected":false},"excerpt":{"rendered":"<p>El mercado de frutas y hortalizas ser\u00e1 trasladado a un predio junto al Parque Bot\u00e1nico. Seg\u00fan indicaron responsables de la iniciativa, el proyecto es superador por el mejor acceso y espacio disponible &nbsp; &nbsp; &nbsp; &nbsp; El futuro emplazamiento ser\u00e1 m\u00e1s amplio y con mayor espacio para carga y descarga. Una de las ventajas de esta localizaci\u00f3n es la cercan\u00eda con el puente proyectado entre Paran\u00e1 y Santa Fe. &nbsp; En una reuni\u00f3n entre el Municipio y productores se planific\u00f3 el traslado del mercado El Charr\u00faa a un sector lindante&#8230;<\/p>\n","protected":false},"author":3,"featured_media":14237,"comment_status":"closed","ping_status":"closed","sticky":false,"template":"","format":"standard","meta":[],"categories":[15],"tags":[],"_links":{"self":[{"href":"https:\/\/www.actualidadadiario.com\/index.php\/wp-json\/wp\/v2\/posts\/14236"}],"collection":[{"href":"https:\/\/www.actualidadadiario.com\/index.php\/wp-json\/wp\/v2\/posts"}],"about":[{"href":"https:\/\/www.actualidadadiario.com\/index.php\/wp-json\/wp\/v2\/types\/post"}],"author":[{"embeddable":true,"href":"https:\/\/www.actualidadadiario.com\/index.php\/wp-json\/wp\/v2\/users\/3"}],"replies":[{"embeddable":true,"href":"https:\/\/www.actualidadadiario.com\/index.php\/wp-json\/wp\/v2\/comments?post=14236"}],"version-history":[{"count":1,"href":"https:\/\/www.actualidadadiario.com\/index.php\/wp-json\/wp\/v2\/posts\/14236\/revisions"}],"predecessor-version":[{"id":14238,"href":"https:\/\/www.actualidadadiario.com\/index.php\/wp-json\/wp\/v2\/posts\/14236\/revisions\/14238"}],"wp:featuredmedia":[{"embeddable":true,"href":"https:\/\/www.actualidadadiario.com\/index.php\/wp-json\/wp\/v2\/media\/14237"}],"wp:attachment":[{"href":"https:\/\/www.actualidadadiario.com\/index.php\/wp-json\/wp\/v2\/media?parent=14236"}],"wp:term":[{"taxonomy":"category","embeddable":true,"href":"https:\/\/www.actualidadadiario.com\/index.php\/wp-json\/wp\/v2\/categories?post=14236"},{"taxonomy":"post_tag","embeddable":true,"href":"https:\/\/www.actualidadadiario.com\/index.php\/wp-json\/wp\/v2\/tags?post=14236"}],"curies":[{"name":"wp","href":"https:\/\/api.w.org\/{rel}","templated":true}]}}