{"id":14233,"date":"2017-07-11T11:27:33","date_gmt":"2017-07-11T14:27:33","guid":{"rendered":"http:\/\/actualidadadiario.com\/site\/?p=14233"},"modified":"2017-07-11T11:27:33","modified_gmt":"2017-07-11T14:27:33","slug":"la-uader-es-nuestra-le-recordo-gracia-jaroslavsky-a-benedetti","status":"publish","type":"post","link":"https:\/\/www.actualidadadiario.com\/index.php\/2017\/07\/11\/la-uader-es-nuestra-le-recordo-gracia-jaroslavsky-a-benedetti\/","title":{"rendered":"&#8220;La UADER es nuestra&#8221; le record\u00f3 Gracia Jaroslavsky a Benedetti"},"content":{"rendered":"<p><em><strong>La precandidata a diputada nacional por Cambiemos rechaz\u00f3 de plano las declaraciones de su contrincante en la interna de Cambiemos, Atilio Bemedetti, en favor de las nacionalizaci\u00f3n de la unidad acad\u00e9mica<\/strong><\/em><\/p>\n<p>&nbsp;<\/p>\n<p>&nbsp;<\/p>\n<p>&nbsp;<\/p>\n<p>La Universidad Aut\u00f3noma de Entre R\u00edos se convirti\u00f3 en un factor m\u00e1s de divisi\u00f3n entre las diferentes listas de Cambiemos que compiten en las PASO, luego de que Atilio Benedetti propusiera nacionalizarla.<\/p>\n<p>&nbsp;<\/p>\n<p>Desde Victoria, Gracia Jaroslavsky emiti\u00f3 un comunicado en el que anunci\u00f3: &#8220;Voy a poner el cuerpo y todo mi esfuerzo para evitar que otra vez nos pretendan dejar sin lo nuestro&#8221;.<\/p>\n<p>&nbsp;<\/p>\n<p>Sin medias tintas, redobl\u00f3 la apuesta: &#8220;Me da verg\u00fcenza ajena como entrerriana escuchar a Atilio Benedetti pretender representar esta provincia quit\u00e1ndonos la Universidad Aut\u00f3noma de Entre R\u00edos (Uader). Me averg\u00fcenza que se la considere un gasto a reducir y no una inversi\u00f3n para los entrerrianos&#8221;.<\/p>\n<p>&nbsp;<\/p>\n<p>Tras recordar que fue el exgobernador radical Sergio Montiel quien promovi\u00f3 la creaci\u00f3n de la instituci\u00f3n en el a\u00f1o 2000 mediante la ley N\u00ba 9250, Jaroslavsky exclam\u00f3 &#8220;la UADER es nuestra&#8221; y asever\u00f3: &#8220;Voy a poner el cuerpo y todo mi esfuerzo para evitar que otra vez nos pretendan dejar sin lo nuestro&#8221;.<\/p>\n","protected":false},"excerpt":{"rendered":"<p>La precandidata a diputada nacional por Cambiemos rechaz\u00f3 de plano las declaraciones de su contrincante en la interna de Cambiemos, Atilio Bemedetti, en favor de las nacionalizaci\u00f3n de la unidad acad\u00e9mica &nbsp; &nbsp; &nbsp; La Universidad Aut\u00f3noma de Entre R\u00edos se convirti\u00f3 en un factor m\u00e1s de divisi\u00f3n entre las diferentes listas de Cambiemos que compiten en las PASO, luego de que Atilio Benedetti propusiera nacionalizarla. &nbsp; Desde Victoria, Gracia Jaroslavsky emiti\u00f3 un comunicado en el que anunci\u00f3: &#8220;Voy a poner el cuerpo y todo mi esfuerzo para evitar que&#8230;<\/p>\n","protected":false},"author":3,"featured_media":14234,"comment_status":"closed","ping_status":"closed","sticky":false,"template":"","format":"standard","meta":[],"categories":[15],"tags":[],"_links":{"self":[{"href":"https:\/\/www.actualidadadiario.com\/index.php\/wp-json\/wp\/v2\/posts\/14233"}],"collection":[{"href":"https:\/\/www.actualidadadiario.com\/index.php\/wp-json\/wp\/v2\/posts"}],"about":[{"href":"https:\/\/www.actualidadadiario.com\/index.php\/wp-json\/wp\/v2\/types\/post"}],"author":[{"embeddable":true,"href":"https:\/\/www.actualidadadiario.com\/index.php\/wp-json\/wp\/v2\/users\/3"}],"replies":[{"embeddable":true,"href":"https:\/\/www.actualidadadiario.com\/index.php\/wp-json\/wp\/v2\/comments?post=14233"}],"version-history":[{"count":1,"href":"https:\/\/www.actualidadadiario.com\/index.php\/wp-json\/wp\/v2\/posts\/14233\/revisions"}],"predecessor-version":[{"id":14235,"href":"https:\/\/www.actualidadadiario.com\/index.php\/wp-json\/wp\/v2\/posts\/14233\/revisions\/14235"}],"wp:featuredmedia":[{"embeddable":true,"href":"https:\/\/www.actualidadadiario.com\/index.php\/wp-json\/wp\/v2\/media\/14234"}],"wp:attachment":[{"href":"https:\/\/www.actualidadadiario.com\/index.php\/wp-json\/wp\/v2\/media?parent=14233"}],"wp:term":[{"taxonomy":"category","embeddable":true,"href":"https:\/\/www.actualidadadiario.com\/index.php\/wp-json\/wp\/v2\/categories?post=14233"},{"taxonomy":"post_tag","embeddable":true,"href":"https:\/\/www.actualidadadiario.com\/index.php\/wp-json\/wp\/v2\/tags?post=14233"}],"curies":[{"name":"wp","href":"https:\/\/api.w.org\/{rel}","templated":true}]}}