{"id":14230,"date":"2017-07-11T11:26:46","date_gmt":"2017-07-11T14:26:46","guid":{"rendered":"http:\/\/actualidadadiario.com\/site\/?p=14230"},"modified":"2017-07-11T11:26:46","modified_gmt":"2017-07-11T14:26:46","slug":"otra-ciudad-entrerriana-implementara-el-boton-antipanico","status":"publish","type":"post","link":"https:\/\/www.actualidadadiario.com\/index.php\/2017\/07\/11\/otra-ciudad-entrerriana-implementara-el-boton-antipanico\/","title":{"rendered":"Otra ciudad entrerriana implementar\u00e1 el Bot\u00f3n Antip\u00e1nico"},"content":{"rendered":"<p><em><strong>&#8220;Nos interes\u00f3 porque es una de las funciones que hoy el Estado debe asumir&#8221;, se\u00f1al\u00f3 un funcionario municipal, tras acordar la implementaci\u00f3n del Sistema SOS Alerta, desarrollado en la capital del citrus<\/strong><\/em><\/p>\n<p>&nbsp;<\/p>\n<p>&nbsp;<\/p>\n<p>&nbsp;<\/p>\n<p>&nbsp;<\/p>\n<p>Los municipios de Concordia y San Salvador acordaron la implementaci\u00f3n del Sistema SOS Alerta para casos de violencia de g\u00e9nero, desarrollado por el municipio de la capital del citrus. &#8220;Nos interes\u00f3 el sistema porque es una de las funciones que hoy el Estado debe asumir&#8221;, se\u00f1al\u00f3 Fabio Charles Menge\u00f3n, Secretario de Gobierno y Desarrollo Social de la Municipalidad de San Salvador. &#8220;Es un claro compromiso de la gesti\u00f3n municipal de Concordia en la problem\u00e1tica de la violencia de g\u00e9nero&#8221;, valor\u00f3.<\/p>\n<p>&nbsp;<\/p>\n<p>El intendente Enrique Cresto recibi\u00f3 al Secretario de Gobierno y otros funcionarios de la Municipalidad de San Salvador, quienes se interiorizaron sobre el Protocolo de Actuaci\u00f3n Local ante Situaciones de Violencia de G\u00e9nero, que instrument\u00f3 el municipio local en articulaci\u00f3n con la Polic\u00eda de Entre R\u00edos y la Justicia. &#8220;Estamos recibiendo continuamente a diferentes municipios de la provincia que nos est\u00e1n pidiendo conocer c\u00f3mo es el funcionamiento del programa de Lucha contra la Violencia de G\u00e9nero y puntualmente el sistema SOS Alerta Concordia y el Bot\u00f3n Antip\u00e1nico&#8221;, se\u00f1al\u00f3 la Coordinadora de Gabinete de Concordia, Mar\u00eda de los \u00c1ngeles Petit.<\/p>\n<p>&nbsp;<\/p>\n<p>&#8220;El intendente Enrique Cresto defini\u00f3 como una prioridad trabajar fuertemente en este tema, y que la experiencia y el desarrollo del sistema del Bot\u00f3n Antip\u00e1nico, que fue realizado \u00edntegramente por personal municipal, pueda ser tambi\u00e9n usado por otros municipios de la provincia&#8221;, se\u00f1al\u00f3 Petit. &#8220;Estamos trabajando con Concepci\u00f3n del Uruguay, Federal, Villaguay, y tambi\u00e9n con la oficina del Superior Tribunal de Justicia&#8221;, coment\u00f3 la Coordinadora de Gabinete, quien lleva adelante la articulaci\u00f3n entre las distintas \u00e1reas del municipio que abordan la tem\u00e1tica desde el Protocolo de Actuaci\u00f3n Local.<\/p>\n<p>&nbsp;<\/p>\n<p>&#8220;\u00c9ste programa se lo ha llevado tambi\u00e9n la Ministra de la Naci\u00f3n Patricia Bullrich, porque es un programa municipal con fondos y recursos propios, ante una problem\u00e1tica muy sensible que requiere de una presencia activa del Estado&#8221;, observ\u00f3. &#8220;La decisi\u00f3n del Intendente Cresto es brindar todas las herramientas del Municipio para colaborar con la Justicia y la Polic\u00eda en estos temas&#8221;, agreg\u00f3.<\/p>\n<p>&nbsp;<\/p>\n<p>&#8220;Es un claro compromiso de la gesti\u00f3n municipal de Concordia en la problem\u00e1tica de la violencia de g\u00e9nero&#8221;, calific\u00f3 el Secretario de Gobierno y Desarrollo Social de San Salvador, Fabio Charles Mengeon, en referencia a las acciones que se llevan adelante en la ciudad. Y respecto al Sistema SOS Alerta &#8211; Bot\u00f3n Antip\u00e1nico coment\u00f3 que &#8220;nos interes\u00f3 el sistema porque es una de las funciones que hoy el Estado debe asumir, no podemos mirar para el costado porque \u00e9ste es uno de los flagelos de la sociedad&#8221;.<\/p>\n<p>&nbsp;<\/p>\n<p>De la reuni\u00f3n participaron el Director de Prevenci\u00f3n y Seguridad de la Secretar\u00eda de Gobierno, Diego Passarello, la Directora de Gesti\u00f3n Prevenci\u00f3n y Promoci\u00f3n de la Secretar\u00eda de Desarrollo Humano, Bernardita Zalis\u00f1ak, el Director del Centro de Fortalecimiento Social Gustavo C\u00e1nova, y el Subdirector de Inform\u00e1tica de la Secretar\u00eda de Econom\u00eda, Marcelo Colombani, junto a otros funcionarios municipales de ambas ciudades. Se explic\u00f3 en detalle el funcionamiento de la aplicaci\u00f3n para celulares, la articulaci\u00f3n con las fuerzas de seguridad y el Poder Judicial, y el Protocolo que ha implementado el municipio.<\/p>\n<p>&nbsp;<\/p>\n<p>&#8220;Tenemos la decisi\u00f3n de instrumentar el sistema que ha dise\u00f1ado la municipalidad de Concordia&#8221;, anunci\u00f3 Fabio Charles Mengeon, al finalizar el encuentro. &#8220;Estamos agradecidos por que esto muestra claramente una intencionalidad de trabajar en serio en este tipo de problem\u00e1ticas y de extenderlo a otras localidades&#8221;, destac\u00f3 el Secretario de Gobierno de San Salvador.<\/p>\n","protected":false},"excerpt":{"rendered":"<p>&#8220;Nos interes\u00f3 porque es una de las funciones que hoy el Estado debe asumir&#8221;, se\u00f1al\u00f3 un funcionario municipal, tras acordar la implementaci\u00f3n del Sistema SOS Alerta, desarrollado en la capital del citrus &nbsp; &nbsp; &nbsp; &nbsp; Los municipios de Concordia y San Salvador acordaron la implementaci\u00f3n del Sistema SOS Alerta para casos de violencia de g\u00e9nero, desarrollado por el municipio de la capital del citrus. &#8220;Nos interes\u00f3 el sistema porque es una de las funciones que hoy el Estado debe asumir&#8221;, se\u00f1al\u00f3 Fabio Charles Menge\u00f3n, Secretario de Gobierno y Desarrollo&#8230;<\/p>\n","protected":false},"author":3,"featured_media":14231,"comment_status":"closed","ping_status":"closed","sticky":false,"template":"","format":"standard","meta":[],"categories":[15],"tags":[],"_links":{"self":[{"href":"https:\/\/www.actualidadadiario.com\/index.php\/wp-json\/wp\/v2\/posts\/14230"}],"collection":[{"href":"https:\/\/www.actualidadadiario.com\/index.php\/wp-json\/wp\/v2\/posts"}],"about":[{"href":"https:\/\/www.actualidadadiario.com\/index.php\/wp-json\/wp\/v2\/types\/post"}],"author":[{"embeddable":true,"href":"https:\/\/www.actualidadadiario.com\/index.php\/wp-json\/wp\/v2\/users\/3"}],"replies":[{"embeddable":true,"href":"https:\/\/www.actualidadadiario.com\/index.php\/wp-json\/wp\/v2\/comments?post=14230"}],"version-history":[{"count":1,"href":"https:\/\/www.actualidadadiario.com\/index.php\/wp-json\/wp\/v2\/posts\/14230\/revisions"}],"predecessor-version":[{"id":14232,"href":"https:\/\/www.actualidadadiario.com\/index.php\/wp-json\/wp\/v2\/posts\/14230\/revisions\/14232"}],"wp:featuredmedia":[{"embeddable":true,"href":"https:\/\/www.actualidadadiario.com\/index.php\/wp-json\/wp\/v2\/media\/14231"}],"wp:attachment":[{"href":"https:\/\/www.actualidadadiario.com\/index.php\/wp-json\/wp\/v2\/media?parent=14230"}],"wp:term":[{"taxonomy":"category","embeddable":true,"href":"https:\/\/www.actualidadadiario.com\/index.php\/wp-json\/wp\/v2\/categories?post=14230"},{"taxonomy":"post_tag","embeddable":true,"href":"https:\/\/www.actualidadadiario.com\/index.php\/wp-json\/wp\/v2\/tags?post=14230"}],"curies":[{"name":"wp","href":"https:\/\/api.w.org\/{rel}","templated":true}]}}