{"id":14227,"date":"2017-07-11T11:26:00","date_gmt":"2017-07-11T14:26:00","guid":{"rendered":"http:\/\/actualidadadiario.com\/site\/?p=14227"},"modified":"2017-07-11T11:26:00","modified_gmt":"2017-07-11T14:26:00","slug":"la-ministra-velazquez-recibira-a-la-conduccion-de-ate","status":"publish","type":"post","link":"https:\/\/www.actualidadadiario.com\/index.php\/2017\/07\/11\/la-ministra-velazquez-recibira-a-la-conduccion-de-ate\/","title":{"rendered":"La ministra Vel\u00e1zquez recibir\u00e1 a la conducci\u00f3n de ATE"},"content":{"rendered":"<p><em><strong>El gremio llevar\u00e1 a la audiencia un informe sobre la situaci\u00f3n de la salud p\u00fablica. Cr\u00edticas a De la Rosa<\/strong><\/em><\/p>\n<p>&nbsp;<\/p>\n<p>&nbsp;<\/p>\n<p>&nbsp;<\/p>\n<p>La Asociaci\u00f3n de Trabajadores del Estado (ATE) mantendr\u00e1 el jueves a las 11 una audiencia con la ministra de Salud, Sonia Vel\u00e1zquez. La reuni\u00f3n es una respuesta al pedido que hab\u00eda formulado el propio gremio a la autoridad pol\u00edtica de la cartera, en funci\u00f3n de poder dialogar sobre diferentes aspectos. El gremio que tiene como secretario general a Oscar Muntes llevar\u00e1 al encuentro un informe sobre la situaci\u00f3n de la salud p\u00fablica entrerriana elaborado en distintos plenarios y asambleas por los trabajadores del sector. &#8220;Nosotros tenemos un diagn\u00f3stico de c\u00f3mo est\u00e1 la salud p\u00fablica y de c\u00f3mo funciona, donde se aprecian muchos y muy evidentes inconvenientes&#8221;, hab\u00eda adelantado el secretario general, Oscar Muntes, durante una recorrida por los hospitales de Federal.<\/p>\n<p>&nbsp;<\/p>\n<p>Tambi\u00e9n entendi\u00f3 que &#8220;la ministra tiene una pesada herencia que recibi\u00f3 del exministro que ha dejado una Provincia con su sistema sanitario devastado, que estamos en una situaci\u00f3n extremadamente cr\u00edtica en todo el \u00e1mbito provincial&#8221;, y llam\u00f3 a &#8220;trabajar en resolver el sistema sanitario que necesitamos todos los entrerrianos&#8221;.<\/p>\n<p>&nbsp;<\/p>\n<p>Opin\u00f3 adem\u00e1s que &#8220;la renovaci\u00f3n de autoridades en Salud se ha traducido en una mejora en los climas laborales en los lugares de trabajo, hay una expectativa renovada, se respiran aires de democracia y eso ya es un paso muy importante&#8221;. No obstante ello, sostuvo: &#8220;No alcanza con el cambio de ministro, sino que necesitamos el cambio de pol\u00edticas que es un programa, un proyecto y por eso nosotros insistimos con una Ley Sanitaria, vamos a aportar mucho desde los trabajadores, no somos obsecuentes a nadie, somos consecuentes con los trabajadores, por lo tanto a la Ministra le llevaremos el mismo planteamiento&#8221;.<\/p>\n<p>&nbsp;<\/p>\n<p>&nbsp;<\/p>\n<p>&nbsp;<\/p>\n<p><strong>Avanzar en materia salarial<\/strong><\/p>\n<p>Finalmente Muntes se refiri\u00f3 a la situaci\u00f3n salarial de los trabajadores de la administraci\u00f3n p\u00fablica. Al respecto manifest\u00f3: &#8220;Hemos cambiado las formas de discutir en paritarias y de lo que podemos introducir, es lo ideal, necesitamos tener un salario diferenciado; hoy el salario para no quedar debajo de la l\u00ednea de la pobreza es de 14.900 pesos nosotros llegamos a un salario de 12.000 pesos, avanzamos mucho pero no alcanza; logramos el instructivo de pases a planta permanente y recategorizaciones y en diez d\u00edas estaremos trabajando en la reglamentaci\u00f3n esto significa otro avance significativo y necesitamos ir a una norma superadora pero para que esto no pase m\u00e1s&#8221;. El gremialista valor\u00f3 la discusi\u00f3n del R\u00e9gimen Jur\u00eddico B\u00e1sico. &#8220;Para no seguir con instructivos necesitamos esta herramienta en la carrera, para que de una vez por todas se termine la joda en la administraci\u00f3n p\u00fablica y que ning\u00fan gobierno de turno pueda definir a quien saca y quien entra, tenemos que tener previsibilidad y de esta manera trabajar tranquilos e buscar el Estado que merecemos&#8221;.<\/p>\n","protected":false},"excerpt":{"rendered":"<p>El gremio llevar\u00e1 a la audiencia un informe sobre la situaci\u00f3n de la salud p\u00fablica. Cr\u00edticas a De la Rosa &nbsp; &nbsp; &nbsp; La Asociaci\u00f3n de Trabajadores del Estado (ATE) mantendr\u00e1 el jueves a las 11 una audiencia con la ministra de Salud, Sonia Vel\u00e1zquez. La reuni\u00f3n es una respuesta al pedido que hab\u00eda formulado el propio gremio a la autoridad pol\u00edtica de la cartera, en funci\u00f3n de poder dialogar sobre diferentes aspectos. El gremio que tiene como secretario general a Oscar Muntes llevar\u00e1 al encuentro un informe sobre la&#8230;<\/p>\n","protected":false},"author":3,"featured_media":14228,"comment_status":"closed","ping_status":"closed","sticky":false,"template":"","format":"standard","meta":[],"categories":[15],"tags":[],"_links":{"self":[{"href":"https:\/\/www.actualidadadiario.com\/index.php\/wp-json\/wp\/v2\/posts\/14227"}],"collection":[{"href":"https:\/\/www.actualidadadiario.com\/index.php\/wp-json\/wp\/v2\/posts"}],"about":[{"href":"https:\/\/www.actualidadadiario.com\/index.php\/wp-json\/wp\/v2\/types\/post"}],"author":[{"embeddable":true,"href":"https:\/\/www.actualidadadiario.com\/index.php\/wp-json\/wp\/v2\/users\/3"}],"replies":[{"embeddable":true,"href":"https:\/\/www.actualidadadiario.com\/index.php\/wp-json\/wp\/v2\/comments?post=14227"}],"version-history":[{"count":1,"href":"https:\/\/www.actualidadadiario.com\/index.php\/wp-json\/wp\/v2\/posts\/14227\/revisions"}],"predecessor-version":[{"id":14229,"href":"https:\/\/www.actualidadadiario.com\/index.php\/wp-json\/wp\/v2\/posts\/14227\/revisions\/14229"}],"wp:featuredmedia":[{"embeddable":true,"href":"https:\/\/www.actualidadadiario.com\/index.php\/wp-json\/wp\/v2\/media\/14228"}],"wp:attachment":[{"href":"https:\/\/www.actualidadadiario.com\/index.php\/wp-json\/wp\/v2\/media?parent=14227"}],"wp:term":[{"taxonomy":"category","embeddable":true,"href":"https:\/\/www.actualidadadiario.com\/index.php\/wp-json\/wp\/v2\/categories?post=14227"},{"taxonomy":"post_tag","embeddable":true,"href":"https:\/\/www.actualidadadiario.com\/index.php\/wp-json\/wp\/v2\/tags?post=14227"}],"curies":[{"name":"wp","href":"https:\/\/api.w.org\/{rel}","templated":true}]}}