{"id":14221,"date":"2017-07-11T11:24:08","date_gmt":"2017-07-11T14:24:08","guid":{"rendered":"http:\/\/actualidadadiario.com\/site\/?p=14221"},"modified":"2017-07-11T11:24:08","modified_gmt":"2017-07-11T14:24:08","slug":"la-onu-destaca-a-entre-rios-por-su-desarrollo-sostenible","status":"publish","type":"post","link":"https:\/\/www.actualidadadiario.com\/index.php\/2017\/07\/11\/la-onu-destaca-a-entre-rios-por-su-desarrollo-sostenible\/","title":{"rendered":"La ONU destaca a Entre R\u00edos por su desarrollo sostenible"},"content":{"rendered":"<p><em><strong>La ONU dio a conocer el \u00cdndice de Desarrollo Provincial que analiza el crecimiento econ\u00f3mico, la inclusi\u00f3n social y la sostenibilidad ambiental de cada distrito seg\u00fan los datos de 2016. Entre R\u00edos se ubica entre las primeras posiciones, por arriba de Buenos Aires, Santa Fe y C\u00f3rdoba<\/strong><\/em><\/p>\n<p>&nbsp;<\/p>\n<p>&nbsp;<\/p>\n<p>&nbsp;<\/p>\n<p>&nbsp;<\/p>\n<p>El \u00edndice elaborado por la Organizaci\u00f3n de las Naciones Unidas (ONU) establece un valor que va del 0 al 1. La Ciudad Aut\u00f3noma de Buenos Aires ocupa el primer lugar de la lista con un valor de 0,792, mientras que Entre R\u00edos se encuentra s\u00e9ptima, con un valor de 0,565. En el medio se ubican Chubut, Mendoza, San Luis, Neuqu\u00e9n y Santa Cruz.<\/p>\n<p>&nbsp;<\/p>\n<p>De acuerdo al an\u00e1lisis realizado por la ONU, Entre R\u00edos se encuentra por encima de sus vecinas de la Regi\u00f3n Centro, Santa Fe (0,553) y C\u00f3rdoba (0,541), e incluso por encima de la provincia de Buenos Aires, que posee un \u00edndice de 0,556.<\/p>\n<p>&nbsp;<\/p>\n<p>El estudio realizado busca abarcar los tres ejes de la Agenda 2030 de la ONU, que articula aspectos m\u00e1s amplios en funci\u00f3n del desarrollo sostenible. Adem\u00e1s se propuso conformar una primera aproximaci\u00f3n a la situaci\u00f3n de cada distrito de acuerdo al crecimiento econ\u00f3mico, la inclusi\u00f3n social y la sostenibilidad ambiental.<\/p>\n<p>&nbsp;<\/p>\n<p>Teniendo en cuenta el an\u00e1lisis de los especialistas, y a diferencia de lo que pas\u00f3 en otros distritos, en Entre R\u00edos el gobierno provincial sostuvo a partir de 2016 pol\u00edticas p\u00fablicas de acceso a bienes y servicios b\u00e1sicos, tales como salud, educaci\u00f3n en todos sus niveles, y cultura, as\u00ed como tambi\u00e9n dio continuidad y empez\u00f3 nuevas obras p\u00fablicas, lo que est\u00e1 considerado como vectores para el desarrollo econ\u00f3mico y social. Todo ello motoriz\u00f3 el alza de los valores con los que se mide este nuevo \u00edndice.<\/p>\n<p>&nbsp;<\/p>\n<p>Otro dato, ya de tipo estructural, que influy\u00f3 en el an\u00e1lisis del caso entrerriano, est\u00e1 dado por el car\u00e1cter federal de la distribuci\u00f3n de la poblaci\u00f3n al interior de la provincia. La existencia de numerosos centros urbanos de relativa importancia, con presencia de instituciones educativas terciarias e incluso universitarias, es tambi\u00e9n una de las fortalezas que cimentan la posibilidad de desarrollo sostenible entrerriano.<\/p>\n<p>&nbsp;<\/p>\n<p>Adem\u00e1s, movido por el fuerte compromiso de la sociedad, Entre R\u00edos se ha mantenido a la vanguardia en pol\u00edticas que tienden a preservar el ambiente. Este \u00edtem, se ha visto fortalecido recientemente por la sanci\u00f3n de la Ley Antifracking que anunci\u00f3 y promovi\u00f3 el gobernador Gustavo Bordet, se encuentra presente de manera transversal dentro de las pol\u00edticas p\u00fablicas entrerrianas.<\/p>\n<p>&nbsp;<\/p>\n<p>Asimismo, en su informe, la ONU destaca el nivel de educaci\u00f3n y calificaci\u00f3n del trabajo entrerriano, mientras que los niveles de pobreza no son significativamente altos.<\/p>\n<p>&nbsp;<\/p>\n<p>&nbsp;<\/p>\n<p><strong>Transparencia<\/strong><\/p>\n<p>Los datos elaborados por la ONU se suman a los ya difundidos por el Centro de Implementaci\u00f3n de Pol\u00edticas P\u00fablicas para la Equidad y el Crecimiento (Cippec) que ubic\u00f3 a Entre R\u00edos segunda entre todos los distritos del pa\u00eds en materia de transparencia de la gesti\u00f3n. A esto se suma el compromiso expresado por el gobernador Gustavo Bordet para seguir implementando pol\u00edticas que tiendan a modernizar el Estado y a volver m\u00e1s eficientes y transparentes sus mecanismos.<\/p>\n","protected":false},"excerpt":{"rendered":"<p>La ONU dio a conocer el \u00cdndice de Desarrollo Provincial que analiza el crecimiento econ\u00f3mico, la inclusi\u00f3n social y la sostenibilidad ambiental de cada distrito seg\u00fan los datos de 2016. Entre R\u00edos se ubica entre las primeras posiciones, por arriba de Buenos Aires, Santa Fe y C\u00f3rdoba &nbsp; &nbsp; &nbsp; &nbsp; El \u00edndice elaborado por la Organizaci\u00f3n de las Naciones Unidas (ONU) establece un valor que va del 0 al 1. La Ciudad Aut\u00f3noma de Buenos Aires ocupa el primer lugar de la lista con un valor de 0,792, mientras&#8230;<\/p>\n","protected":false},"author":3,"featured_media":14222,"comment_status":"closed","ping_status":"closed","sticky":false,"template":"","format":"standard","meta":[],"categories":[9,15],"tags":[],"_links":{"self":[{"href":"https:\/\/www.actualidadadiario.com\/index.php\/wp-json\/wp\/v2\/posts\/14221"}],"collection":[{"href":"https:\/\/www.actualidadadiario.com\/index.php\/wp-json\/wp\/v2\/posts"}],"about":[{"href":"https:\/\/www.actualidadadiario.com\/index.php\/wp-json\/wp\/v2\/types\/post"}],"author":[{"embeddable":true,"href":"https:\/\/www.actualidadadiario.com\/index.php\/wp-json\/wp\/v2\/users\/3"}],"replies":[{"embeddable":true,"href":"https:\/\/www.actualidadadiario.com\/index.php\/wp-json\/wp\/v2\/comments?post=14221"}],"version-history":[{"count":1,"href":"https:\/\/www.actualidadadiario.com\/index.php\/wp-json\/wp\/v2\/posts\/14221\/revisions"}],"predecessor-version":[{"id":14223,"href":"https:\/\/www.actualidadadiario.com\/index.php\/wp-json\/wp\/v2\/posts\/14221\/revisions\/14223"}],"wp:featuredmedia":[{"embeddable":true,"href":"https:\/\/www.actualidadadiario.com\/index.php\/wp-json\/wp\/v2\/media\/14222"}],"wp:attachment":[{"href":"https:\/\/www.actualidadadiario.com\/index.php\/wp-json\/wp\/v2\/media?parent=14221"}],"wp:term":[{"taxonomy":"category","embeddable":true,"href":"https:\/\/www.actualidadadiario.com\/index.php\/wp-json\/wp\/v2\/categories?post=14221"},{"taxonomy":"post_tag","embeddable":true,"href":"https:\/\/www.actualidadadiario.com\/index.php\/wp-json\/wp\/v2\/tags?post=14221"}],"curies":[{"name":"wp","href":"https:\/\/api.w.org\/{rel}","templated":true}]}}