{"id":14201,"date":"2017-07-07T10:15:05","date_gmt":"2017-07-07T13:15:05","guid":{"rendered":"http:\/\/actualidadadiario.com\/site\/?p=14201"},"modified":"2017-07-07T10:15:05","modified_gmt":"2017-07-07T13:15:05","slug":"la-uta-anuncio-un-paro-de-48-horas-para-micros-de-larga-distancia","status":"publish","type":"post","link":"https:\/\/www.actualidadadiario.com\/index.php\/2017\/07\/07\/la-uta-anuncio-un-paro-de-48-horas-para-micros-de-larga-distancia\/","title":{"rendered":"La UTA anunci\u00f3 un paro de 48 horas para micros de larga distancia"},"content":{"rendered":"<p><em><strong>Se llevar\u00e1 a cabo desde las 0 del s\u00e1bado hasta las 24 del domingo pr\u00f3ximos luego de que fracasaran las negociaciones paritarias<\/strong><\/em><\/p>\n<p>&nbsp;<\/p>\n<p>&nbsp;<\/p>\n<p>&nbsp;<\/p>\n<p>La Uni\u00f3n Tranviarios Automotor (UTA) anunci\u00f3 un paro nacional de los trabajadores de micros de larga distancia, que se llevar\u00e1 a cabo durante el pr\u00f3ximo fin de semana, desde las 0 del s\u00e1bado a las 24 del domingo.<\/p>\n<p>&nbsp;<\/p>\n<p>La medida fue anunciada luego de que fracasaran las negociaciones paritarias para acordar el aumento salarial para este a\u00f1o. &#8220;Hemos debido tomar esta decisi\u00f3n extrema ante la falta de acuerdo en las negociaciones paritarias del sector\u201d, dice un comunicado del sindicato.<\/p>\n<p>&nbsp;<\/p>\n<p>\u201cPedimos disculpas a los usuarios, pero ante la intransigencia de los empresarios, no queda m\u00e1s remedio que adoptar medidas de fuerza en defensa de los leg\u00edtimos derechos de los trabajadores&#8221;, concluye el texto.<\/p>\n<p>&nbsp;<\/p>\n<p>La medida se adopta el fin de semana previo al del comienzo de las vacaciones de invierno y se prev\u00e9 que, de no alcanzar un acuerdo, sumado a las dificultades que tienen los empresarios para pagar los salarios y el medio aguinaldo, podr\u00eda extenderse.<\/p>\n","protected":false},"excerpt":{"rendered":"<p>Se llevar\u00e1 a cabo desde las 0 del s\u00e1bado hasta las 24 del domingo pr\u00f3ximos luego de que fracasaran las negociaciones paritarias &nbsp; &nbsp; &nbsp; La Uni\u00f3n Tranviarios Automotor (UTA) anunci\u00f3 un paro nacional de los trabajadores de micros de larga distancia, que se llevar\u00e1 a cabo durante el pr\u00f3ximo fin de semana, desde las 0 del s\u00e1bado a las 24 del domingo. &nbsp; La medida fue anunciada luego de que fracasaran las negociaciones paritarias para acordar el aumento salarial para este a\u00f1o. &#8220;Hemos debido tomar esta decisi\u00f3n extrema ante&#8230;<\/p>\n","protected":false},"author":3,"featured_media":14202,"comment_status":"closed","ping_status":"closed","sticky":false,"template":"","format":"standard","meta":[],"categories":[9,18],"tags":[],"_links":{"self":[{"href":"https:\/\/www.actualidadadiario.com\/index.php\/wp-json\/wp\/v2\/posts\/14201"}],"collection":[{"href":"https:\/\/www.actualidadadiario.com\/index.php\/wp-json\/wp\/v2\/posts"}],"about":[{"href":"https:\/\/www.actualidadadiario.com\/index.php\/wp-json\/wp\/v2\/types\/post"}],"author":[{"embeddable":true,"href":"https:\/\/www.actualidadadiario.com\/index.php\/wp-json\/wp\/v2\/users\/3"}],"replies":[{"embeddable":true,"href":"https:\/\/www.actualidadadiario.com\/index.php\/wp-json\/wp\/v2\/comments?post=14201"}],"version-history":[{"count":1,"href":"https:\/\/www.actualidadadiario.com\/index.php\/wp-json\/wp\/v2\/posts\/14201\/revisions"}],"predecessor-version":[{"id":14203,"href":"https:\/\/www.actualidadadiario.com\/index.php\/wp-json\/wp\/v2\/posts\/14201\/revisions\/14203"}],"wp:featuredmedia":[{"embeddable":true,"href":"https:\/\/www.actualidadadiario.com\/index.php\/wp-json\/wp\/v2\/media\/14202"}],"wp:attachment":[{"href":"https:\/\/www.actualidadadiario.com\/index.php\/wp-json\/wp\/v2\/media?parent=14201"}],"wp:term":[{"taxonomy":"category","embeddable":true,"href":"https:\/\/www.actualidadadiario.com\/index.php\/wp-json\/wp\/v2\/categories?post=14201"},{"taxonomy":"post_tag","embeddable":true,"href":"https:\/\/www.actualidadadiario.com\/index.php\/wp-json\/wp\/v2\/tags?post=14201"}],"curies":[{"name":"wp","href":"https:\/\/api.w.org\/{rel}","templated":true}]}}