{"id":14192,"date":"2017-07-07T10:06:14","date_gmt":"2017-07-07T13:06:14","guid":{"rendered":"http:\/\/actualidadadiario.com\/site\/?p=14192"},"modified":"2017-07-07T10:06:14","modified_gmt":"2017-07-07T13:06:14","slug":"g20-a-macri-le-colgaron-una-bandera-con-la-leyenda-no-vendas-argentina","status":"publish","type":"post","link":"https:\/\/www.actualidadadiario.com\/index.php\/2017\/07\/07\/g20-a-macri-le-colgaron-una-bandera-con-la-leyenda-no-vendas-argentina\/","title":{"rendered":"G20: a Macri le colgaron una bandera con la leyenda &#8220;No vendas Argentina&#8221;"},"content":{"rendered":"<p><em><strong>Fue durante las protestas en contra del G20 en Hamburgo. Estaba escrita en alem\u00e1n, y fue colocada en un puente atiborrado de manifestantes<\/strong><\/em><\/p>\n<p>&nbsp;<\/p>\n<p>&nbsp;<\/p>\n<p>&nbsp;<\/p>\n<p>&nbsp;<\/p>\n<p>En las protestas en contra del G20, Macri fue criticado por los manifestantes asistentes a la contracumbre.<\/p>\n<p>&nbsp;<\/p>\n<p>Entre las pancartas de repudio por parte de los manifestantes, hab\u00eda una escrita en alem\u00e1n que dec\u00eda: &#8220;Presidente Macri, no vendas Argentina&#8221;.<\/p>\n<p>&nbsp;<\/p>\n<p>La bandera estaba colocada sobre un puente en la ciudad alemana de Hamburgo, en la que se produjeron incidentes entre manifestantes y la Polic\u00eda local.<\/p>\n<p>&nbsp;<\/p>\n<p>La reuni\u00f3n se llevar\u00e1 a cabo a partir de este viernes, donde una impresionante cantidad de fuerzas policiacas, m\u00e1s de 20 mil efectivos, custodian el predio, en el que ya se encuentran las comisiones que previamente buscan acuerdos antes de las llegadas de los presidentes.<\/p>\n<p>&nbsp;<\/p>\n","protected":false},"excerpt":{"rendered":"<p>Fue durante las protestas en contra del G20 en Hamburgo. Estaba escrita en alem\u00e1n, y fue colocada en un puente atiborrado de manifestantes &nbsp; &nbsp; &nbsp; &nbsp; En las protestas en contra del G20, Macri fue criticado por los manifestantes asistentes a la contracumbre. &nbsp; Entre las pancartas de repudio por parte de los manifestantes, hab\u00eda una escrita en alem\u00e1n que dec\u00eda: &#8220;Presidente Macri, no vendas Argentina&#8221;. &nbsp; La bandera estaba colocada sobre un puente en la ciudad alemana de Hamburgo, en la que se produjeron incidentes entre manifestantes y&#8230;<\/p>\n","protected":false},"author":3,"featured_media":14193,"comment_status":"closed","ping_status":"closed","sticky":false,"template":"","format":"standard","meta":[],"categories":[9],"tags":[],"_links":{"self":[{"href":"https:\/\/www.actualidadadiario.com\/index.php\/wp-json\/wp\/v2\/posts\/14192"}],"collection":[{"href":"https:\/\/www.actualidadadiario.com\/index.php\/wp-json\/wp\/v2\/posts"}],"about":[{"href":"https:\/\/www.actualidadadiario.com\/index.php\/wp-json\/wp\/v2\/types\/post"}],"author":[{"embeddable":true,"href":"https:\/\/www.actualidadadiario.com\/index.php\/wp-json\/wp\/v2\/users\/3"}],"replies":[{"embeddable":true,"href":"https:\/\/www.actualidadadiario.com\/index.php\/wp-json\/wp\/v2\/comments?post=14192"}],"version-history":[{"count":1,"href":"https:\/\/www.actualidadadiario.com\/index.php\/wp-json\/wp\/v2\/posts\/14192\/revisions"}],"predecessor-version":[{"id":14194,"href":"https:\/\/www.actualidadadiario.com\/index.php\/wp-json\/wp\/v2\/posts\/14192\/revisions\/14194"}],"wp:featuredmedia":[{"embeddable":true,"href":"https:\/\/www.actualidadadiario.com\/index.php\/wp-json\/wp\/v2\/media\/14193"}],"wp:attachment":[{"href":"https:\/\/www.actualidadadiario.com\/index.php\/wp-json\/wp\/v2\/media?parent=14192"}],"wp:term":[{"taxonomy":"category","embeddable":true,"href":"https:\/\/www.actualidadadiario.com\/index.php\/wp-json\/wp\/v2\/categories?post=14192"},{"taxonomy":"post_tag","embeddable":true,"href":"https:\/\/www.actualidadadiario.com\/index.php\/wp-json\/wp\/v2\/tags?post=14192"}],"curies":[{"name":"wp","href":"https:\/\/api.w.org\/{rel}","templated":true}]}}