{"id":14163,"date":"2017-07-07T09:56:20","date_gmt":"2017-07-07T12:56:20","guid":{"rendered":"http:\/\/actualidadadiario.com\/site\/?p=14163"},"modified":"2017-07-07T09:56:20","modified_gmt":"2017-07-07T12:56:20","slug":"comenzo-la-construccion-de-la-pileta-semi-olimpica-en-las-termas-de-federacion","status":"publish","type":"post","link":"https:\/\/www.actualidadadiario.com\/index.php\/2017\/07\/07\/comenzo-la-construccion-de-la-pileta-semi-olimpica-en-las-termas-de-federacion\/","title":{"rendered":"Comenz\u00f3 la construcci\u00f3n de la pileta semi ol\u00edmpica en las termas de Federaci\u00f3n"},"content":{"rendered":"<p><em><strong>Con el fin de apoyar a los deportistas de la ciudad y fines de uso tur\u00edstico, la empresa licitada ya comenz\u00f3 con los trabajos de construcci\u00f3n<\/strong><\/em><\/p>\n<p>&nbsp;<\/p>\n<p>&nbsp;<\/p>\n<p>&nbsp;<\/p>\n<p>La Secretaria de Turismo de Federaci\u00f3n, Graciela Racedo, especific\u00f3 que la pileta estar\u00e1 preparada \u201cpara el entrenamiento de los grandes deportistas, el uso de las escuelas y para los turistas\u201d, que conformar\u00e1 un espacio de grandes dimensiones &#8220;que va a tener un sistema de filtrado y de bombeo del agua del parque termal.&#8221;.<\/p>\n<p>&nbsp;<\/p>\n<p>El objetivo es claro: &#8220;que el agua termal le d\u00e9 la temperatura necesaria para las temporadas de frio\u201d, a una piscina que seg\u00fan ubic\u00f3 &#8220;va a estar mirando de frente la entrada principal del Parque Acu\u00e1tico&#8221; y que los destinatarios ser\u00e1n tanto los deportistas que hacen de esta actividad una tarea profesional, como as\u00ed tambi\u00e9n, todas las escuelas de triatl\u00f3n que tiene la ciudad, que es una actividad muy habitual aqu\u00ed\u201d.<\/p>\n<p>&nbsp;<\/p>\n<p>La funcionaria record\u00f3 que &#8220;la empresa (concordiense) Galvani fue la ganadora de la licitaci\u00f3n para realizar la obra&#8221; y que la comuna cuenta con el asesoramiento extra del licenciado Pablo Decoud, que es un gran especialista en el tema de aguas &#8220;y nos viene asesorando a la municipalidad de Federaci\u00f3n desde la construcci\u00f3n del pozo termal&#8221;. Este profesional es el responsable de remarcar algunas cuestiones operativas &#8220;que va a tener la pileta, para que realmente pueda sac\u00e1rsele mucho provecho\u201d, manifest\u00f3 la Funcionaria.<\/p>\n<p>&nbsp;<\/p>\n<p><strong>Punto de partida para el crecimiento deportivo<\/strong><\/p>\n<p>La secretaria de turismo subray\u00f3 que \u201cestas actividades vienen produci\u00e9ndose mucho, hay un semillero de chicos que vienen entrenando muy bien, con muy buenos tiempos&#8221;, a lo que se debe sumar &#8220;nuestro cuerpo de guardavidas, que son m\u00e1s de 60 personas que trabajan y que deben hacer entrenamientos permanentes, como condici\u00f3n para mantenerse enlistados y poder revalidar sus t\u00edtulos\u201d.<\/p>\n<p>&nbsp;<\/p>\n<p>Finalmente, Graciela Racedo apunt\u00f3 que dicha pileta &#8220;ser\u00e1 otra oportunidad de actividad deportiva para que se desarrolle en Federaci\u00f3n alg\u00fan fin de semana, como as\u00ed tambi\u00e9n en temporada de verano para ser utilizada tur\u00edsticamente\u201d.<\/p>\n","protected":false},"excerpt":{"rendered":"<p>Con el fin de apoyar a los deportistas de la ciudad y fines de uso tur\u00edstico, la empresa licitada ya comenz\u00f3 con los trabajos de construcci\u00f3n &nbsp; &nbsp; &nbsp; La Secretaria de Turismo de Federaci\u00f3n, Graciela Racedo, especific\u00f3 que la pileta estar\u00e1 preparada \u201cpara el entrenamiento de los grandes deportistas, el uso de las escuelas y para los turistas\u201d, que conformar\u00e1 un espacio de grandes dimensiones &#8220;que va a tener un sistema de filtrado y de bombeo del agua del parque termal.&#8221;. &nbsp; El objetivo es claro: &#8220;que el agua&#8230;<\/p>\n","protected":false},"author":3,"featured_media":14164,"comment_status":"closed","ping_status":"closed","sticky":false,"template":"","format":"standard","meta":[],"categories":[15],"tags":[],"_links":{"self":[{"href":"https:\/\/www.actualidadadiario.com\/index.php\/wp-json\/wp\/v2\/posts\/14163"}],"collection":[{"href":"https:\/\/www.actualidadadiario.com\/index.php\/wp-json\/wp\/v2\/posts"}],"about":[{"href":"https:\/\/www.actualidadadiario.com\/index.php\/wp-json\/wp\/v2\/types\/post"}],"author":[{"embeddable":true,"href":"https:\/\/www.actualidadadiario.com\/index.php\/wp-json\/wp\/v2\/users\/3"}],"replies":[{"embeddable":true,"href":"https:\/\/www.actualidadadiario.com\/index.php\/wp-json\/wp\/v2\/comments?post=14163"}],"version-history":[{"count":1,"href":"https:\/\/www.actualidadadiario.com\/index.php\/wp-json\/wp\/v2\/posts\/14163\/revisions"}],"predecessor-version":[{"id":14165,"href":"https:\/\/www.actualidadadiario.com\/index.php\/wp-json\/wp\/v2\/posts\/14163\/revisions\/14165"}],"wp:featuredmedia":[{"embeddable":true,"href":"https:\/\/www.actualidadadiario.com\/index.php\/wp-json\/wp\/v2\/media\/14164"}],"wp:attachment":[{"href":"https:\/\/www.actualidadadiario.com\/index.php\/wp-json\/wp\/v2\/media?parent=14163"}],"wp:term":[{"taxonomy":"category","embeddable":true,"href":"https:\/\/www.actualidadadiario.com\/index.php\/wp-json\/wp\/v2\/categories?post=14163"},{"taxonomy":"post_tag","embeddable":true,"href":"https:\/\/www.actualidadadiario.com\/index.php\/wp-json\/wp\/v2\/tags?post=14163"}],"curies":[{"name":"wp","href":"https:\/\/api.w.org\/{rel}","templated":true}]}}