{"id":14135,"date":"2017-07-05T09:50:32","date_gmt":"2017-07-05T12:50:32","guid":{"rendered":"http:\/\/actualidadadiario.com\/site\/?p=14135"},"modified":"2017-07-05T09:50:32","modified_gmt":"2017-07-05T12:50:32","slug":"facundo-jones-huala-inicio-una-huelga-de-hambre-en-esquel","status":"publish","type":"post","link":"https:\/\/www.actualidadadiario.com\/index.php\/2017\/07\/05\/facundo-jones-huala-inicio-una-huelga-de-hambre-en-esquel\/","title":{"rendered":"Facundo Jones Huala inici\u00f3 una huelga de hambre en Esquel"},"content":{"rendered":"<p><em><strong>Est\u00e1 preso desde el 26 de junio. Su abogada denunci\u00f3 al juez y al fiscal del caso y no descarta realizar un juicio al Estado, porque pretenden imputarle dos veces el mismo hecho del que fuera sobrese\u00eddo. La Corte debe decidir si lo extraditan o no a Chile<\/strong><\/em><\/p>\n<p>&nbsp;<\/p>\n<p>&nbsp;<\/p>\n<p>&nbsp;<\/p>\n<p>&nbsp;<\/p>\n<p>Los d\u00edas del militante de la comunidad mapuche de Chubut y R\u00edo Negro, Facundo Jones Huala, no pueden ser m\u00e1s grises. Su gente est\u00e1 desesperada por la salud del lonco y advierten sobre las p\u00e9simas condiciones de detenci\u00f3n en la unidad penal de Esquel, donde fue trasladado el s\u00e1bado, luego de que se negara a ser extraditado a Chile en el marco de una medida judicial ins\u00f3lita, ya que pretenden penarlo por el mismo hecho del que fuera sobrese\u00eddo en un juicio oral que revel\u00f3 una trama escandalosa de espionaje provincial y nacional, persecuci\u00f3n, complicidad judicial y tormentos a otro miembro de la comunidad para que revelase d\u00f3nde estaba Jones Huala.<\/p>\n<p>&nbsp;<\/p>\n<p>El lunes a las 9, la abogada de Facundo, Eli G\u00f3mez Alcorta, present\u00f3 una denuncia por privaci\u00f3n ilegal de la libertad y prevaricato (decisi\u00f3n arbitraria de un funcionario judicial) contra el fiscal federal Jorge Bagur Creta y el juez federal subrogante de Bariloche, Gustavo Villanueva, \u201ccomo, as\u00ed tambi\u00e9n, contra toda persona que con el devenir de la investigaci\u00f3n resulte responsable a t\u00edtulo de autor y\/o part\u00edcipe del hecho que se denuncia\u201d. Adem\u00e1s, G\u00f3mez Alcorta advierte sobre una reuni\u00f3n entre Mauricio Macri y Michelle Bachelet luego de la cual se inici\u00f3 la cacer\u00eda de Jones Huala con los efectivos de la Gendarmer\u00eda, que responden a la ministra Patricia Bullrich Luro Puyrred\u00f3n.<\/p>\n<p>&nbsp;<\/p>\n<p>El dirigente mapuche fue apresado el martes 26 de junio a las 18 por un control de Gendarmer\u00eda en la ruta 40 en Leleque, Chubut, muy cerca del antiguo emporio brit\u00e1nico de la Compa\u00f1\u00eda de Tierras del Sud Argentino, que explot\u00f3 a los peones de campo por m\u00e1s de 100 a\u00f1os y someti\u00f3 a los pueblos originarios tehuelches-mapuches con salarios de hambre y condiciones laborales de esclavitud hasta el Estatuto del Pe\u00f3n promovido por Juan Per\u00f3n en 1949. En la actualidad, ese latifundio que tambi\u00e9n perteneci\u00f3 a la oligarqu\u00eda ejecutora del exterminio de Julio Argentino Roca, es propiedad del magnate italiano Benetton. Y significa el n\u00facleo de la disputa con la comunidad de Jones Huala, que reclama esos mismos territorios como parte de su legado ancestral en ambos m\u00e1rgenes de la Cordillera. Lo propio sucede con las tierras que adquiri\u00f3 otro millonario extranjero, el estadounidense Joe Lewis \u2013otro amigo de Macri-, que se apoder\u00f3 de Lago Escondido y proh\u00edbe el ingreso con guardias armados y polic\u00edas rentados.<\/p>\n<p>&nbsp;<\/p>\n<p>El texto de la denuncia de G\u00f3mez Alcorta explica el contexto de la persecuci\u00f3n a Jones Huala: \u201cEstuvo detenido en Chile en los a\u00f1os 2013 y 2014 acusado de la comisi\u00f3n de un incendio, de la tenencia de un arma artesanal y de 12 municiones, al igual que por haber ingresado de modo ilegal a ese pa\u00eds. Una vez convocado a juicio, no se present\u00f3 y qued\u00f3 rebelde, orden\u00e1ndose su captura.<\/p>\n<p>&nbsp;<\/p>\n<p>Luego de que las autoridades chilenas recibieron la noticia de que el lonco mapuche se encontrar\u00eda en la zona de Esquel, solicitaron a Interpol que dictara una alerta roja y, posteriormente, requirieron a la Argentina su extradici\u00f3n.<\/p>\n<p>&nbsp;<\/p>\n<p>El tr\u00e1mite judicial de la extradici\u00f3n se inici\u00f3 en Argentina el mes de febrero del 2015 y reci\u00e9n fue detenido Facundo Jones Huala a fines de mayo del 2016 -en el marco del proceso penal, seguido en la justicia ordinaria, vinculado a la recuperaci\u00f3n de un territorio-.<\/p>\n<p>&nbsp;<\/p>\n<p>Este proceso culmin\u00f3 con la sentencia, como corolario de un juicio, en la que se resolvi\u00f3 declarar nulo todo lo actuado en ese procedimiento.<\/p>\n<p>&nbsp;<\/p>\n<p>La trama de irregularidades que qued\u00f3 al descubierto en las dos jornadas del juicio tuvo un impacto social muy fuerte, no solo por el hecho de que Jones Huala recuperara su libertad inmediatamente, sino porque se dej\u00f3 a la luz la ilegal actuaci\u00f3n de parte de la polic\u00eda de la provincia de Chubut, quienes trabajaron de un modo mancomunado con un agente de inteligencia de la ex SIDE y con la probable anuencia de fiscales y jueces\u201d, redact\u00f3 la abogada, quien tambi\u00e9n defiende a Milagro Sala, presa hace 535 d\u00edas.<\/p>\n<p>&nbsp;<\/p>\n<p>Hay que recordar que de aquella farsa participaron el Estado provincial y nacional haciendo uso y abuso de la AFI y la Polic\u00eda de Chubut para perseguir a Jones Huala, espiarlo, presionar a su comunidad, y torturar con efectivos policiales al joven Gonzalo Cabrera para que revelara el paradero del l\u00edder mapuche.<\/p>\n<p>&nbsp;<\/p>\n<p>\u201cJones Huala tiene que estar en libertad. Es un hombre de la libertad y es un hombre de la democracia por la igualdad de todos. Deseo que sea liberado lo m\u00e1s pronto posible\u201d, dijo el escritor, periodista e historiador, Osvaldo Bayer. En tanto, Nora de Corti\u00f1as, de Madres de Plaza de Mayo L\u00ednea Fundadora, expres\u00f3: \u201cQuiero pedir la libertad de Facundo Jones Huala porque de ninguna manera hay que extraditarlo a Chile, ya que ese juicio se realiz\u00f3. Estoy en contra de cualquier persecuci\u00f3n a comunidades de Chile o de la Argentina\u201d.<\/p>\n<p>&nbsp;<\/p>\n<p>La situaci\u00f3n procesal de Jones Huala se parece a un limbo. Ante la consulta de Nuestras Voces, su abogada G\u00f3mez Alcorta intenta una explicaci\u00f3n aleccionadora: \u201cEn su momento, el juez Guido Otranto declar\u00f3 nulo el procedimiento realizado en Argentina para el pedido de extradici\u00f3n por parte de Chile, pero la causa iniciada all\u00ed prosigui\u00f3. Fue detenido el 26 e Interpol nos dijo que era un error. Pero el juez Villanueva de Neuqu\u00e9n inici\u00f3 un nuevo proceso de extradici\u00f3n en virtud de la misma orden de captura de Chile y el mismo proceso de extradici\u00f3n id\u00e9ntico al a\u00f1o pasado, con la excusa de que Otranto no se expres\u00f3 sobre el fondo de la cuesti\u00f3n; que depende de la Corte, no de la justicia provincial. Es un caso grav\u00edsimo de doble persecuci\u00f3n. La Corte podr\u00eda concederle o no la extradici\u00f3n y el Juzgado de Bariloche lo contrario\u201d.<\/p>\n<p>&nbsp;<\/p>\n<p>La campa\u00f1a contra Jones Huala comenz\u00f3 en enero, cuando el diario Clar\u00edn public\u00f3 una nota que hizo honor al llamado \u201cperiodismo de guerra\u201d: \u201cFacundo Jones Huala, el mapuche que le declar\u00f3 una guerra de fuego a Chile y Argentina\u201d, estigmatizaron desde sus p\u00e1ginas. Pero este portal refut\u00f3 ese art\u00edculo el 26 de enero, revelando el contexto y la verdadera historia de las tierras en disputa: una saga de negocios con capitales brit\u00e1nicos y grandes terratenientes argentinos que son aliados del gobernador de Chubut, Mario Das Neves, y la administraci\u00f3n neoliberal de Macri en conjunto con sus \u201camigos\u201d Benetton y Lewis.<\/p>\n<p>&nbsp;<\/p>\n<p>Quiz\u00e1s el al Secretario de Derechos Humanos y (Pluralidad Cultural), Claudio Avruj, comprenda el alcance de este escenario de m\u00e1scaras. Y su par chilena, Lorena Fries, sea parte del mismo montaje. En tal caso, Avruj deber\u00e1 aclararlo ante el juez federal Rodolfo Canicoba Corral, a cargo la denuncia de G\u00f3mez Alcorta.<\/p>\n<p>&nbsp;<\/p>\n<p>La historia, como se ve, se repite como tragedia y como farsa.<\/p>\n","protected":false},"excerpt":{"rendered":"<p>Est\u00e1 preso desde el 26 de junio. Su abogada denunci\u00f3 al juez y al fiscal del caso y no descarta realizar un juicio al Estado, porque pretenden imputarle dos veces el mismo hecho del que fuera sobrese\u00eddo. La Corte debe decidir si lo extraditan o no a Chile &nbsp; &nbsp; &nbsp; &nbsp; Los d\u00edas del militante de la comunidad mapuche de Chubut y R\u00edo Negro, Facundo Jones Huala, no pueden ser m\u00e1s grises. Su gente est\u00e1 desesperada por la salud del lonco y advierten sobre las p\u00e9simas condiciones de detenci\u00f3n&#8230;<\/p>\n","protected":false},"author":3,"featured_media":14136,"comment_status":"closed","ping_status":"closed","sticky":false,"template":"","format":"standard","meta":[],"categories":[4],"tags":[],"_links":{"self":[{"href":"https:\/\/www.actualidadadiario.com\/index.php\/wp-json\/wp\/v2\/posts\/14135"}],"collection":[{"href":"https:\/\/www.actualidadadiario.com\/index.php\/wp-json\/wp\/v2\/posts"}],"about":[{"href":"https:\/\/www.actualidadadiario.com\/index.php\/wp-json\/wp\/v2\/types\/post"}],"author":[{"embeddable":true,"href":"https:\/\/www.actualidadadiario.com\/index.php\/wp-json\/wp\/v2\/users\/3"}],"replies":[{"embeddable":true,"href":"https:\/\/www.actualidadadiario.com\/index.php\/wp-json\/wp\/v2\/comments?post=14135"}],"version-history":[{"count":1,"href":"https:\/\/www.actualidadadiario.com\/index.php\/wp-json\/wp\/v2\/posts\/14135\/revisions"}],"predecessor-version":[{"id":14137,"href":"https:\/\/www.actualidadadiario.com\/index.php\/wp-json\/wp\/v2\/posts\/14135\/revisions\/14137"}],"wp:featuredmedia":[{"embeddable":true,"href":"https:\/\/www.actualidadadiario.com\/index.php\/wp-json\/wp\/v2\/media\/14136"}],"wp:attachment":[{"href":"https:\/\/www.actualidadadiario.com\/index.php\/wp-json\/wp\/v2\/media?parent=14135"}],"wp:term":[{"taxonomy":"category","embeddable":true,"href":"https:\/\/www.actualidadadiario.com\/index.php\/wp-json\/wp\/v2\/categories?post=14135"},{"taxonomy":"post_tag","embeddable":true,"href":"https:\/\/www.actualidadadiario.com\/index.php\/wp-json\/wp\/v2\/tags?post=14135"}],"curies":[{"name":"wp","href":"https:\/\/api.w.org\/{rel}","templated":true}]}}