{"id":14124,"date":"2017-07-05T09:46:45","date_gmt":"2017-07-05T12:46:45","guid":{"rendered":"http:\/\/actualidadadiario.com\/site\/?p=14124"},"modified":"2017-07-05T09:46:45","modified_gmt":"2017-07-05T12:46:45","slug":"alfonsin-es-grave-que-la-ucr-consienta-la-falta-de-democracia-dentro-de-cambiemos","status":"publish","type":"post","link":"https:\/\/www.actualidadadiario.com\/index.php\/2017\/07\/05\/alfonsin-es-grave-que-la-ucr-consienta-la-falta-de-democracia-dentro-de-cambiemos\/","title":{"rendered":"Alfons\u00edn: &#8220;Es grave que la UCR consienta la falta de democracia dentro de Cambiemos&#8221;"},"content":{"rendered":"<p><em><strong>El diputado nacional volvi\u00f3 a cuestionar a la conducci\u00f3n nacional de su partido por la negativa de la Casa Rosada a habilitar internas en las PASO en cada distrito<\/strong><\/em><\/p>\n<p>&nbsp;<\/p>\n<p>&nbsp;<\/p>\n<p>&nbsp;<\/p>\n<p>El diputado nacional por el radicalismo Ricardo Alfons\u00edn volvi\u00f3 a apuntar contra la conducci\u00f3n nacional de su partido, al considerar grave que la UCR consienta &#8220;la falta de democracia interna en Cambiemos&#8221;, en alusi\u00f3n a la negativa de la Casa Rosada a habilitar internas en los distritos.<\/p>\n<p>&nbsp;<\/p>\n<p>&#8220;No es la eventual elecci\u00f3n de radicales lo m\u00e1s grave, sino la negaci\u00f3n de la democracia interna, la violaci\u00f3n del derecho a ser elegido, as\u00ed como el hecho de que desde el partido se consienta algo tan contrar\u00edo a la ley y nuestra cultura&#8221;, dijo el hijo del ex presidente Ra\u00fal Alfons\u00edn, tras amenazar el lunes con renunciar a su afiliaci\u00f3n radical por las decisiones que toman en la c\u00fapula partidaria encabezada por el santafesino Jos\u00e9 Corral.<\/p>\n<p>&nbsp;<\/p>\n<p>Por otro lado, Alfons\u00edn se manifest\u00f3 sobre la decisi\u00f3n judicial de intervenci\u00f3n del sindicato de Canillitas y el procesamiento y embargo por 200.000 pesos, de su titular Omar Plaini, quien es investigado por presunta falsificaci\u00f3n de documento en el marco de un proceso de elecci\u00f3n interna en el gremio en 2013.<\/p>\n<p>&nbsp;<\/p>\n<p>&#8220;No es coherente por un lado rasgarse las vestiduras porque en algunos sindicatos no hay democracia interna y, por otro, negarla hacia adentro de Cambiemos&#8221;, sentenci\u00f3 el dirigente bonaerense.<\/p>\n","protected":false},"excerpt":{"rendered":"<p>El diputado nacional volvi\u00f3 a cuestionar a la conducci\u00f3n nacional de su partido por la negativa de la Casa Rosada a habilitar internas en las PASO en cada distrito &nbsp; &nbsp; &nbsp; El diputado nacional por el radicalismo Ricardo Alfons\u00edn volvi\u00f3 a apuntar contra la conducci\u00f3n nacional de su partido, al considerar grave que la UCR consienta &#8220;la falta de democracia interna en Cambiemos&#8221;, en alusi\u00f3n a la negativa de la Casa Rosada a habilitar internas en los distritos. &nbsp; &#8220;No es la eventual elecci\u00f3n de radicales lo m\u00e1s grave,&#8230;<\/p>\n","protected":false},"author":3,"featured_media":13649,"comment_status":"closed","ping_status":"closed","sticky":false,"template":"","format":"standard","meta":[],"categories":[18],"tags":[],"_links":{"self":[{"href":"https:\/\/www.actualidadadiario.com\/index.php\/wp-json\/wp\/v2\/posts\/14124"}],"collection":[{"href":"https:\/\/www.actualidadadiario.com\/index.php\/wp-json\/wp\/v2\/posts"}],"about":[{"href":"https:\/\/www.actualidadadiario.com\/index.php\/wp-json\/wp\/v2\/types\/post"}],"author":[{"embeddable":true,"href":"https:\/\/www.actualidadadiario.com\/index.php\/wp-json\/wp\/v2\/users\/3"}],"replies":[{"embeddable":true,"href":"https:\/\/www.actualidadadiario.com\/index.php\/wp-json\/wp\/v2\/comments?post=14124"}],"version-history":[{"count":1,"href":"https:\/\/www.actualidadadiario.com\/index.php\/wp-json\/wp\/v2\/posts\/14124\/revisions"}],"predecessor-version":[{"id":14125,"href":"https:\/\/www.actualidadadiario.com\/index.php\/wp-json\/wp\/v2\/posts\/14124\/revisions\/14125"}],"wp:featuredmedia":[{"embeddable":true,"href":"https:\/\/www.actualidadadiario.com\/index.php\/wp-json\/wp\/v2\/media\/13649"}],"wp:attachment":[{"href":"https:\/\/www.actualidadadiario.com\/index.php\/wp-json\/wp\/v2\/media?parent=14124"}],"wp:term":[{"taxonomy":"category","embeddable":true,"href":"https:\/\/www.actualidadadiario.com\/index.php\/wp-json\/wp\/v2\/categories?post=14124"},{"taxonomy":"post_tag","embeddable":true,"href":"https:\/\/www.actualidadadiario.com\/index.php\/wp-json\/wp\/v2\/tags?post=14124"}],"curies":[{"name":"wp","href":"https:\/\/api.w.org\/{rel}","templated":true}]}}