{"id":14121,"date":"2017-07-05T09:45:42","date_gmt":"2017-07-05T12:45:42","guid":{"rendered":"http:\/\/actualidadadiario.com\/site\/?p=14121"},"modified":"2017-07-05T09:45:42","modified_gmt":"2017-07-05T12:45:42","slug":"que-los-argentinos-no-se-preocupen-por-el-dolar","status":"publish","type":"post","link":"https:\/\/www.actualidadadiario.com\/index.php\/2017\/07\/05\/que-los-argentinos-no-se-preocupen-por-el-dolar\/","title":{"rendered":"&#8220;Que los argentinos no se preocupen por el d\u00f3lar&#8221;"},"content":{"rendered":"<p><em><strong>El presidente Mauricio Macri pidi\u00f3 que &#8220;los argentinos no se preocupen por el d\u00f3lar&#8221; y, en cambio, llam\u00f3 a mirar c\u00f3mo &#8220;bajar la inflaci\u00f3n&#8221;, as\u00ed como tambi\u00e9n anunci\u00f3 que a fin de a\u00f1o propondr\u00e1 &#8220;un nuevo sistema tributario&#8221; para reducir impuestos para que &#8220;se recaude menos de m\u00e1s gente&#8221;<\/strong><\/em><\/p>\n<p>&nbsp;<\/p>\n<p>&nbsp;<\/p>\n<p>&nbsp;<\/p>\n<p>&nbsp;<\/p>\n<p>&nbsp;<\/p>\n<p>&#8220;El d\u00f3lar flota: sube y baja. Hace un mes habl\u00e1bamos de lo bajo que estaba. No me preocupa. Claramente, esto beneficia a las econom\u00edas regionales, a la generaci\u00f3n de empleo. Si sucede, es porque hace a un equilibrio en la econom\u00eda. No hay de qu\u00e9 preocuparse&#8221;, sostuvo el mandatario.<\/p>\n<p>&nbsp;<\/p>\n<p>El d\u00f3lar alcanz\u00f3 durante la jornada un nuevo r\u00e9cord de 17,18 pesos, lo cual genera m\u00e1s presi\u00f3n sobre los precios y pone en riesgo las proyecciones de inflaci\u00f3n del Banco Central.<\/p>\n<p>&nbsp;<\/p>\n<p>El clima electoral, un fuerte crecimiento de la demanda, una menor liquidaci\u00f3n de d\u00f3lares de los exportadores est\u00e1n impulsando el valor del billete norteamericano.<\/p>\n<p>&nbsp;<\/p>\n<p>En di\u00e1logo con Cadena 3, el jefe de Estado intent\u00f3 tranquilizar a la poblaci\u00f3n, aunque reiter\u00f3 que &#8220;por lo que hay que preocuparse es por bajar la inflaci\u00f3n, por trabajar en las empresas para bajar los costos y ofrecerle a los argentinos productos de calidad y m\u00e1s barato&#8221;.<\/p>\n<p>&nbsp;<\/p>\n<p>&#8220;El Banco Central tiene much\u00edsimas reservas, mucho m\u00e1s de lo que ten\u00eda hace 18 meses, que ten\u00eda reservas negativas, hoy hay decenas de miles de millones&#8221;, remarc\u00f3.<\/p>\n<p>&nbsp;<\/p>\n<p>Consultado respecto a la presi\u00f3n impositiva, el l\u00edder del PRO reconoci\u00f3 que los impuestos &#8220;son asfixiantes&#8221; y anticip\u00f3: &#8220;Despu\u00e9s de la elecci\u00f3n estamos proponiendo una reforma impositiva que hemos quedado comprometidos y espero que me acompa\u00f1en los gobernadores, los intendentes&#8221;.<\/p>\n<p>&nbsp;<\/p>\n<p>&#8220;Para fin de a\u00f1o vamos a proponer un nuevo sistema tributario donde esperamos bajar fuertemente los impuestos locales y nacionales y apostar a que se recaude menos de m\u00e1s gente. El sistema impositivo m\u00e1s los juicios laborales expulsan al trabajo formal a transformarlo en informal&#8221;, se quej\u00f3.<\/p>\n","protected":false},"excerpt":{"rendered":"<p>El presidente Mauricio Macri pidi\u00f3 que &#8220;los argentinos no se preocupen por el d\u00f3lar&#8221; y, en cambio, llam\u00f3 a mirar c\u00f3mo &#8220;bajar la inflaci\u00f3n&#8221;, as\u00ed como tambi\u00e9n anunci\u00f3 que a fin de a\u00f1o propondr\u00e1 &#8220;un nuevo sistema tributario&#8221; para reducir impuestos para que &#8220;se recaude menos de m\u00e1s gente&#8221; &nbsp; &nbsp; &nbsp; &nbsp; &nbsp; &#8220;El d\u00f3lar flota: sube y baja. Hace un mes habl\u00e1bamos de lo bajo que estaba. No me preocupa. Claramente, esto beneficia a las econom\u00edas regionales, a la generaci\u00f3n de empleo. Si sucede, es porque hace a&#8230;<\/p>\n","protected":false},"author":3,"featured_media":14122,"comment_status":"closed","ping_status":"closed","sticky":false,"template":"","format":"standard","meta":[],"categories":[9],"tags":[],"_links":{"self":[{"href":"https:\/\/www.actualidadadiario.com\/index.php\/wp-json\/wp\/v2\/posts\/14121"}],"collection":[{"href":"https:\/\/www.actualidadadiario.com\/index.php\/wp-json\/wp\/v2\/posts"}],"about":[{"href":"https:\/\/www.actualidadadiario.com\/index.php\/wp-json\/wp\/v2\/types\/post"}],"author":[{"embeddable":true,"href":"https:\/\/www.actualidadadiario.com\/index.php\/wp-json\/wp\/v2\/users\/3"}],"replies":[{"embeddable":true,"href":"https:\/\/www.actualidadadiario.com\/index.php\/wp-json\/wp\/v2\/comments?post=14121"}],"version-history":[{"count":1,"href":"https:\/\/www.actualidadadiario.com\/index.php\/wp-json\/wp\/v2\/posts\/14121\/revisions"}],"predecessor-version":[{"id":14123,"href":"https:\/\/www.actualidadadiario.com\/index.php\/wp-json\/wp\/v2\/posts\/14121\/revisions\/14123"}],"wp:featuredmedia":[{"embeddable":true,"href":"https:\/\/www.actualidadadiario.com\/index.php\/wp-json\/wp\/v2\/media\/14122"}],"wp:attachment":[{"href":"https:\/\/www.actualidadadiario.com\/index.php\/wp-json\/wp\/v2\/media?parent=14121"}],"wp:term":[{"taxonomy":"category","embeddable":true,"href":"https:\/\/www.actualidadadiario.com\/index.php\/wp-json\/wp\/v2\/categories?post=14121"},{"taxonomy":"post_tag","embeddable":true,"href":"https:\/\/www.actualidadadiario.com\/index.php\/wp-json\/wp\/v2\/tags?post=14121"}],"curies":[{"name":"wp","href":"https:\/\/api.w.org\/{rel}","templated":true}]}}