{"id":14118,"date":"2017-07-05T09:44:50","date_gmt":"2017-07-05T12:44:50","guid":{"rendered":"http:\/\/actualidadadiario.com\/site\/?p=14118"},"modified":"2017-07-05T09:44:50","modified_gmt":"2017-07-05T12:44:50","slug":"marcos-pena-dice-que-el-ajuste-es-un-fantasma-y-responsabilizo-a-la-oposicion","status":"publish","type":"post","link":"https:\/\/www.actualidadadiario.com\/index.php\/2017\/07\/05\/marcos-pena-dice-que-el-ajuste-es-un-fantasma-y-responsabilizo-a-la-oposicion\/","title":{"rendered":"Marcos Pe\u00f1a dice que el ajuste es &#8220;un fantasma&#8221; y responsabiliz\u00f3 a la oposici\u00f3n"},"content":{"rendered":"<p><em><strong>Pese a todos los recortes que hubo hasta ahora y lo que aseguran los propios medios oficialistas, el jefe de gabinete Marcos Pe\u00f1a dijo que despu\u00e9s de las elecciones &#8220;no viene&#8221; el ajuste al tiempo que afirm\u00f3 que s\u00f3lo se trata de una &#8220;bandera&#8221; de la oposici\u00f3n<\/strong><\/em><\/p>\n<p>&nbsp;<\/p>\n<p>&nbsp;<\/p>\n<p>&nbsp;<\/p>\n<p>El argumento de la &#8220;pesada herencia&#8221; encuentra distintas variantes conforme pasan los meses de gesti\u00f3n del gobierno de Mauricio Macri. Este martes en conferencia de prensa, el jefe de ministros del Gabinete, Marcos Pe\u00f1a, afirm\u00f3 que el ajuste es un &#8220;fantasma&#8221;, una &#8220;bandera que de los que &#8220;quieren generar miedo&#8221;.<\/p>\n<p>&nbsp;<\/p>\n<p>&#8220;Estamos convencidos de que el a\u00f1o pr\u00f3ximo la argentina va a crecer. No viene el ajuste&#8221;, dijo al ser consultado sobre las distintas versiones period\u00edsticas, con origen en la Rosada, que afirman que tras los comicios el gobierno profundizar\u00e1 el achicamiento del Estado. El ajuste es &#8220;el fantasma lamentable de aquellos que no pueden construir esperanza&#8221;, opin\u00f3 Pe\u00f1a.<\/p>\n","protected":false},"excerpt":{"rendered":"<p>Pese a todos los recortes que hubo hasta ahora y lo que aseguran los propios medios oficialistas, el jefe de gabinete Marcos Pe\u00f1a dijo que despu\u00e9s de las elecciones &#8220;no viene&#8221; el ajuste al tiempo que afirm\u00f3 que s\u00f3lo se trata de una &#8220;bandera&#8221; de la oposici\u00f3n &nbsp; &nbsp; &nbsp; El argumento de la &#8220;pesada herencia&#8221; encuentra distintas variantes conforme pasan los meses de gesti\u00f3n del gobierno de Mauricio Macri. Este martes en conferencia de prensa, el jefe de ministros del Gabinete, Marcos Pe\u00f1a, afirm\u00f3 que el ajuste es un&#8230;<\/p>\n","protected":false},"author":3,"featured_media":14119,"comment_status":"closed","ping_status":"closed","sticky":false,"template":"","format":"standard","meta":[],"categories":[18],"tags":[],"_links":{"self":[{"href":"https:\/\/www.actualidadadiario.com\/index.php\/wp-json\/wp\/v2\/posts\/14118"}],"collection":[{"href":"https:\/\/www.actualidadadiario.com\/index.php\/wp-json\/wp\/v2\/posts"}],"about":[{"href":"https:\/\/www.actualidadadiario.com\/index.php\/wp-json\/wp\/v2\/types\/post"}],"author":[{"embeddable":true,"href":"https:\/\/www.actualidadadiario.com\/index.php\/wp-json\/wp\/v2\/users\/3"}],"replies":[{"embeddable":true,"href":"https:\/\/www.actualidadadiario.com\/index.php\/wp-json\/wp\/v2\/comments?post=14118"}],"version-history":[{"count":1,"href":"https:\/\/www.actualidadadiario.com\/index.php\/wp-json\/wp\/v2\/posts\/14118\/revisions"}],"predecessor-version":[{"id":14120,"href":"https:\/\/www.actualidadadiario.com\/index.php\/wp-json\/wp\/v2\/posts\/14118\/revisions\/14120"}],"wp:featuredmedia":[{"embeddable":true,"href":"https:\/\/www.actualidadadiario.com\/index.php\/wp-json\/wp\/v2\/media\/14119"}],"wp:attachment":[{"href":"https:\/\/www.actualidadadiario.com\/index.php\/wp-json\/wp\/v2\/media?parent=14118"}],"wp:term":[{"taxonomy":"category","embeddable":true,"href":"https:\/\/www.actualidadadiario.com\/index.php\/wp-json\/wp\/v2\/categories?post=14118"},{"taxonomy":"post_tag","embeddable":true,"href":"https:\/\/www.actualidadadiario.com\/index.php\/wp-json\/wp\/v2\/tags?post=14118"}],"curies":[{"name":"wp","href":"https:\/\/api.w.org\/{rel}","templated":true}]}}