{"id":14115,"date":"2017-07-05T09:44:06","date_gmt":"2017-07-05T12:44:06","guid":{"rendered":"http:\/\/actualidadadiario.com\/site\/?p=14115"},"modified":"2017-07-05T09:44:06","modified_gmt":"2017-07-05T12:44:06","slug":"el-campo-le-da-la-espalda-a-macri-buzzi-critica-al-gobierno-por-los-aumentos","status":"publish","type":"post","link":"https:\/\/www.actualidadadiario.com\/index.php\/2017\/07\/05\/el-campo-le-da-la-espalda-a-macri-buzzi-critica-al-gobierno-por-los-aumentos\/","title":{"rendered":"El campo le da la espalda a Macri: Buzzi critica al gobierno por los aumentos"},"content":{"rendered":"<p><em><strong>El ex presidente de la Federaci\u00f3n Agraria asegur\u00f3 que &#8220;los fletes son m\u00e1s altos, los costos para producir van atados al d\u00f3lar&#8221;. &#8220;Este pa\u00eds es caro en todos los aspectos&#8221;, concluy\u00f3<\/strong><\/em><\/p>\n<p>&nbsp;<\/p>\n<p>&nbsp;<\/p>\n<p>&nbsp;<\/p>\n<p>Corr\u00eda finales del 2015 cuando el presidente Mauricio Macri ordenaba la quita de retenciones al agro (con un costo fiscal alt\u00edsimo). Esto combinado con el fin del cepo al d\u00f3lar transform\u00f3 el clima. Pero la euforia no dur\u00f3 para siempre y uno de los sectores m\u00e1s favorecidos por esta gesti\u00f3n ya muestra aires de descontento.<\/p>\n<p>&nbsp;<\/p>\n<p>&#8220;Hace un a\u00f1o se dijo que Macri favorece al campo; eso hoy se esfum\u00f3&#8221; dijo el ex presidente de la Federaci\u00f3n Agraria, Eduardo Buzzi quien se quej\u00f3 de los constantes aumentos de precios en la argentina macrista. &#8220;Los fletes son m\u00e1s altos, los costos para producir van atados al d\u00f3lar&#8221; lanz\u00f3 a la prensa.<\/p>\n<p>&nbsp;<\/p>\n<p>&#8220;Todos los aumentos siempre son malas noticias para el campo y para la ciudad&#8221;, se\u00f1al\u00f3 en di\u00e1logo con radio Rivadavia.<\/p>\n<p>&nbsp;<\/p>\n<p>El reciente aumento a la nafta del 7 por ciento y del gas o\u00edl 6 por ciento impactar\u00e1 directamente en los costos. Seg\u00fan el ex gremialista esto trae graves consecuencias para los precios de todos los productos dado que &#8220;en Argentina m\u00e1s del 80% se transporta en camiones&#8221;.<\/p>\n<p>&nbsp;<\/p>\n<p>&#8220;Lo que dice Etchevehere tiene raz\u00f3n. Va a haber aumentos de fletes, de la vida cotidiana de la gente. Este pa\u00eds es caro en todos los aspectos&#8221;, concluy\u00f3.<\/p>\n<p>&nbsp;<\/p>\n<p>Antes el presidente de la Sociedad Rural Argentina estim\u00f3 hoy que el aumento en el precio del gasoil le representar\u00e1 al campo un costo adicional de 3600 millones de pesos.<\/p>\n<p>&nbsp;<\/p>\n<p>&#8220;Baj\u00f3 en todos los pa\u00edses que compiten con la Argentina en producci\u00f3n y exportaci\u00f3n de alimentos&#8221;, dijo y plante\u00f3 que debe &#8220;ir tendiendo a que el precio local sea lo m\u00e1s parecido al precio internacional&#8221;.<\/p>\n","protected":false},"excerpt":{"rendered":"<p>El ex presidente de la Federaci\u00f3n Agraria asegur\u00f3 que &#8220;los fletes son m\u00e1s altos, los costos para producir van atados al d\u00f3lar&#8221;. &#8220;Este pa\u00eds es caro en todos los aspectos&#8221;, concluy\u00f3 &nbsp; &nbsp; &nbsp; Corr\u00eda finales del 2015 cuando el presidente Mauricio Macri ordenaba la quita de retenciones al agro (con un costo fiscal alt\u00edsimo). Esto combinado con el fin del cepo al d\u00f3lar transform\u00f3 el clima. Pero la euforia no dur\u00f3 para siempre y uno de los sectores m\u00e1s favorecidos por esta gesti\u00f3n ya muestra aires de descontento. &nbsp;&#8230;<\/p>\n","protected":false},"author":3,"featured_media":14116,"comment_status":"closed","ping_status":"closed","sticky":false,"template":"","format":"standard","meta":[],"categories":[18],"tags":[],"_links":{"self":[{"href":"https:\/\/www.actualidadadiario.com\/index.php\/wp-json\/wp\/v2\/posts\/14115"}],"collection":[{"href":"https:\/\/www.actualidadadiario.com\/index.php\/wp-json\/wp\/v2\/posts"}],"about":[{"href":"https:\/\/www.actualidadadiario.com\/index.php\/wp-json\/wp\/v2\/types\/post"}],"author":[{"embeddable":true,"href":"https:\/\/www.actualidadadiario.com\/index.php\/wp-json\/wp\/v2\/users\/3"}],"replies":[{"embeddable":true,"href":"https:\/\/www.actualidadadiario.com\/index.php\/wp-json\/wp\/v2\/comments?post=14115"}],"version-history":[{"count":1,"href":"https:\/\/www.actualidadadiario.com\/index.php\/wp-json\/wp\/v2\/posts\/14115\/revisions"}],"predecessor-version":[{"id":14117,"href":"https:\/\/www.actualidadadiario.com\/index.php\/wp-json\/wp\/v2\/posts\/14115\/revisions\/14117"}],"wp:featuredmedia":[{"embeddable":true,"href":"https:\/\/www.actualidadadiario.com\/index.php\/wp-json\/wp\/v2\/media\/14116"}],"wp:attachment":[{"href":"https:\/\/www.actualidadadiario.com\/index.php\/wp-json\/wp\/v2\/media?parent=14115"}],"wp:term":[{"taxonomy":"category","embeddable":true,"href":"https:\/\/www.actualidadadiario.com\/index.php\/wp-json\/wp\/v2\/categories?post=14115"},{"taxonomy":"post_tag","embeddable":true,"href":"https:\/\/www.actualidadadiario.com\/index.php\/wp-json\/wp\/v2\/tags?post=14115"}],"curies":[{"name":"wp","href":"https:\/\/api.w.org\/{rel}","templated":true}]}}