{"id":14112,"date":"2017-07-05T09:43:06","date_gmt":"2017-07-05T12:43:06","guid":{"rendered":"http:\/\/actualidadadiario.com\/site\/?p=14112"},"modified":"2017-07-05T09:43:06","modified_gmt":"2017-07-05T12:43:06","slug":"marco-lavagna-al-gobierno-le-gano-el-discurso-de-la-grieta","status":"publish","type":"post","link":"https:\/\/www.actualidadadiario.com\/index.php\/2017\/07\/05\/marco-lavagna-al-gobierno-le-gano-el-discurso-de-la-grieta\/","title":{"rendered":"Marco Lavagna: Al Gobierno &#8220;le gan\u00f3 el discurso de la grieta&#8221;"},"content":{"rendered":"<p><em><strong>El diputado tambi\u00e9n asegur\u00f3 que se interrumpi\u00f3 el di\u00e1logo con sectores de la oposici\u00f3n. Y dice que se polariza &#8220;contra el pasado&#8221; con fines &#8220;electoralistas&#8221;<\/strong><\/em><\/p>\n<p>&nbsp;<\/p>\n<p>&nbsp;<\/p>\n<p>&nbsp;<\/p>\n<p>El diputado Marco Lavagna consider\u00f3 este martes que desde el gobierno nacional se interrumpi\u00f3 el di\u00e1logo con sectores pol\u00edticos de oposici\u00f3n, lo que lleva a profundizar &#8220;la grieta&#8221; con fines electoralistas.<\/p>\n<p>&nbsp;<\/p>\n<p>&#8220;Al gobierno le gan\u00f3 el discurso de la grieta, de polarizar contra el pasado, contra los malos, por una cuesti\u00f3n electoralista. Mucho de lo que se hab\u00eda avanzado el a\u00f1o pasado que era buscar acuerdos con otros partidos, este a\u00f1o se perdi\u00f3&#8221;, manifest\u00f3 Lavagna.<\/p>\n<p>&nbsp;<\/p>\n<p>&#8220;Se cort\u00f3 el di\u00e1logo con sectores opositores, que tenemos muchas cr\u00edticas, pero que siempre nos hemos mostrado con voluntad de buscar di\u00e1logo y consenso&#8221;, a\u00f1adi\u00f3 el diputado en declaraciones formuladas esta ma\u00f1ana a radio Splendid.<\/p>\n<p>&nbsp;<\/p>\n<p>El legislador consider\u00f3 que &#8220;siempre que el di\u00e1logo se corta es malo&#8221; y agreg\u00f3: &#8220;este gobierno ven\u00eda a cerrar la grieta, a generar consensos y termin\u00f3 haciendo lo contrario como producto de que no puede mostrar resultados en el ahora&#8221;.<\/p>\n<p>&nbsp;<\/p>\n<p>Respecto a la situaci\u00f3n econ\u00f3mica el diputado alineado con Sergio Massa asegur\u00f3 que este a\u00f1o &#8220;no fue bueno&#8221;, y aunque reconoci\u00f3 avances en algunos aspectos puntualiz\u00f3 que el deterioro econ\u00f3mico afecta a sectores vulnerables de la sociedad.<\/p>\n","protected":false},"excerpt":{"rendered":"<p>El diputado tambi\u00e9n asegur\u00f3 que se interrumpi\u00f3 el di\u00e1logo con sectores de la oposici\u00f3n. Y dice que se polariza &#8220;contra el pasado&#8221; con fines &#8220;electoralistas&#8221; &nbsp; &nbsp; &nbsp; El diputado Marco Lavagna consider\u00f3 este martes que desde el gobierno nacional se interrumpi\u00f3 el di\u00e1logo con sectores pol\u00edticos de oposici\u00f3n, lo que lleva a profundizar &#8220;la grieta&#8221; con fines electoralistas. &nbsp; &#8220;Al gobierno le gan\u00f3 el discurso de la grieta, de polarizar contra el pasado, contra los malos, por una cuesti\u00f3n electoralista. Mucho de lo que se hab\u00eda avanzado el a\u00f1o&#8230;<\/p>\n","protected":false},"author":3,"featured_media":14113,"comment_status":"closed","ping_status":"closed","sticky":false,"template":"","format":"standard","meta":[],"categories":[18],"tags":[],"_links":{"self":[{"href":"https:\/\/www.actualidadadiario.com\/index.php\/wp-json\/wp\/v2\/posts\/14112"}],"collection":[{"href":"https:\/\/www.actualidadadiario.com\/index.php\/wp-json\/wp\/v2\/posts"}],"about":[{"href":"https:\/\/www.actualidadadiario.com\/index.php\/wp-json\/wp\/v2\/types\/post"}],"author":[{"embeddable":true,"href":"https:\/\/www.actualidadadiario.com\/index.php\/wp-json\/wp\/v2\/users\/3"}],"replies":[{"embeddable":true,"href":"https:\/\/www.actualidadadiario.com\/index.php\/wp-json\/wp\/v2\/comments?post=14112"}],"version-history":[{"count":1,"href":"https:\/\/www.actualidadadiario.com\/index.php\/wp-json\/wp\/v2\/posts\/14112\/revisions"}],"predecessor-version":[{"id":14114,"href":"https:\/\/www.actualidadadiario.com\/index.php\/wp-json\/wp\/v2\/posts\/14112\/revisions\/14114"}],"wp:featuredmedia":[{"embeddable":true,"href":"https:\/\/www.actualidadadiario.com\/index.php\/wp-json\/wp\/v2\/media\/14113"}],"wp:attachment":[{"href":"https:\/\/www.actualidadadiario.com\/index.php\/wp-json\/wp\/v2\/media?parent=14112"}],"wp:term":[{"taxonomy":"category","embeddable":true,"href":"https:\/\/www.actualidadadiario.com\/index.php\/wp-json\/wp\/v2\/categories?post=14112"},{"taxonomy":"post_tag","embeddable":true,"href":"https:\/\/www.actualidadadiario.com\/index.php\/wp-json\/wp\/v2\/tags?post=14112"}],"curies":[{"name":"wp","href":"https:\/\/api.w.org\/{rel}","templated":true}]}}