{"id":14103,"date":"2017-07-05T09:40:14","date_gmt":"2017-07-05T12:40:14","guid":{"rendered":"http:\/\/actualidadadiario.com\/site\/?p=14103"},"modified":"2017-07-05T09:40:14","modified_gmt":"2017-07-05T12:40:14","slug":"lombardi-justifica-fusion-cablevision-telecom-es-la-convergencia-tecnologica","status":"publish","type":"post","link":"https:\/\/www.actualidadadiario.com\/index.php\/2017\/07\/05\/lombardi-justifica-fusion-cablevision-telecom-es-la-convergencia-tecnologica\/","title":{"rendered":"Lombardi justifica fusi\u00f3n Cablevisi\u00f3n-Telecom: &#8220;Es la convergencia tecnol\u00f3gica&#8221;"},"content":{"rendered":"<p><em><strong>El titular del Sistema Federal de Medios y Contenidos P\u00fablicos, Hern\u00e1n Lombardi, justific\u00f3 la fusi\u00f3n que acordaron las empresas Cablevisi\u00f3n (del Grupo Clar\u00edn) y Telecom, a trav\u00e9s de la cual concentrar\u00e1n mayoritariamente el mercado de las telecomunicaciones ofreciendo el denominados cu\u00e1druple play (tel\u00e9fono fijo y m\u00f3vil, internet y televisi\u00f3n)<\/strong><\/em><\/p>\n<p>&nbsp;<\/p>\n<p>&nbsp;<\/p>\n<p>&nbsp;<\/p>\n<p>&nbsp;<\/p>\n<p>&#8220;En este caso estamos hablando, en el marco de la convergencia tecnol\u00f3gica entre los operadores de cable, de telefon\u00eda fija y m\u00f3vil, y tambi\u00e9n el reparto de televisi\u00f3n e internet, son distintas \u00e1reas&#8221;, afirm\u00f3 Lombardi al diferencia esta operaci\u00f3n de la pol\u00e9mica decisi\u00f3n que en 2003 defini\u00f3 el expresidente N\u00e9stor Kirchner cuando autoriz\u00f3 a los por entonces mayores prestadores de TV por cable, Cablevisi\u00f3n y Multicanal, a fusionarse.<\/p>\n<p>&nbsp;<\/p>\n<p>En declaraciones al programa &#8220;Y ahora qui\u00e9n podr\u00e1 ayudarnos&#8221;, que se trasmite por Radio con Vos, el funcionario argument\u00f3: &#8220;Estoy de acuerdo con que hay que tener cuidado con la concentraci\u00f3n de los medios (&#8230;) pero hoy en el mundo tener servicios de Internet separados de los de la telefon\u00eda no tiene futuro&#8221;.<\/p>\n<p>&nbsp;<\/p>\n<p>Lombardi aclar\u00f3 que la fusi\u00f3n todav\u00eda no fue avalada por el Gobierno. Y reiter\u00f3: &#8220;Tenemos que estar siempre atentos a cualquier abuso de posici\u00f3n dominante&#8221;. &#8220;La nueva ley tiene que tener en cuenta esos temas, que tiene que ver con la convergencia&#8221;, ratific\u00f3. En ese sentido, pidi\u00f3 &#8220;mirar los medios con una mirada del siglo XXI&#8221;.<\/p>\n<p>&nbsp;<\/p>\n<p>Asimismo, Lombardi justific\u00f3 el DNU de Mauricio Macri que derog\u00f3 la ley de servicios de comunicaci\u00f3n audiovisual aprobada durante el kirchnerismo, aunque sostuvo que con esa decisi\u00f3n &#8220;s\u00f3lo se tocaron algunos aspectos, pero no el conjunto&#8221;. &#8220;Bajo la ley de medios funcion\u00f3 un sistema autoritario y falluto&#8221;, expres\u00f3.<\/p>\n<p>&nbsp;<\/p>\n<p>La fusionada empresa Telecom-Cablevisi\u00f3n tendr\u00eda unos 30 millones de clientes, y ser\u00eda la primera organizaci\u00f3n que actuar\u00eda dentro del sistema conocido como cu\u00e1druple play, si las autoridades aprueban la operaci\u00f3n, dado que se suman 27,4 millones de accesos de la operadora a los 3,5 millones de clientes del cableoperador, de acuerdo a los n\u00fameros difundidos por ambas empresas en marzo pasado.<\/p>\n<p>&nbsp;<\/p>\n<p>Respecto a esta operaci\u00f3n diversos especialistas consultados por \u00e1mbito.com, como Diego Rossi y Mart\u00edn Becerra, cuestionaron que se permita ese avance porque argumentan que incrementa a\u00fan m\u00e1s la concentraci\u00f3n del mercado.<\/p>\n","protected":false},"excerpt":{"rendered":"<p>El titular del Sistema Federal de Medios y Contenidos P\u00fablicos, Hern\u00e1n Lombardi, justific\u00f3 la fusi\u00f3n que acordaron las empresas Cablevisi\u00f3n (del Grupo Clar\u00edn) y Telecom, a trav\u00e9s de la cual concentrar\u00e1n mayoritariamente el mercado de las telecomunicaciones ofreciendo el denominados cu\u00e1druple play (tel\u00e9fono fijo y m\u00f3vil, internet y televisi\u00f3n) &nbsp; &nbsp; &nbsp; &nbsp; &#8220;En este caso estamos hablando, en el marco de la convergencia tecnol\u00f3gica entre los operadores de cable, de telefon\u00eda fija y m\u00f3vil, y tambi\u00e9n el reparto de televisi\u00f3n e internet, son distintas \u00e1reas&#8221;, afirm\u00f3 Lombardi al diferencia&#8230;<\/p>\n","protected":false},"author":3,"featured_media":14104,"comment_status":"closed","ping_status":"closed","sticky":false,"template":"","format":"standard","meta":[],"categories":[18],"tags":[],"_links":{"self":[{"href":"https:\/\/www.actualidadadiario.com\/index.php\/wp-json\/wp\/v2\/posts\/14103"}],"collection":[{"href":"https:\/\/www.actualidadadiario.com\/index.php\/wp-json\/wp\/v2\/posts"}],"about":[{"href":"https:\/\/www.actualidadadiario.com\/index.php\/wp-json\/wp\/v2\/types\/post"}],"author":[{"embeddable":true,"href":"https:\/\/www.actualidadadiario.com\/index.php\/wp-json\/wp\/v2\/users\/3"}],"replies":[{"embeddable":true,"href":"https:\/\/www.actualidadadiario.com\/index.php\/wp-json\/wp\/v2\/comments?post=14103"}],"version-history":[{"count":1,"href":"https:\/\/www.actualidadadiario.com\/index.php\/wp-json\/wp\/v2\/posts\/14103\/revisions"}],"predecessor-version":[{"id":14105,"href":"https:\/\/www.actualidadadiario.com\/index.php\/wp-json\/wp\/v2\/posts\/14103\/revisions\/14105"}],"wp:featuredmedia":[{"embeddable":true,"href":"https:\/\/www.actualidadadiario.com\/index.php\/wp-json\/wp\/v2\/media\/14104"}],"wp:attachment":[{"href":"https:\/\/www.actualidadadiario.com\/index.php\/wp-json\/wp\/v2\/media?parent=14103"}],"wp:term":[{"taxonomy":"category","embeddable":true,"href":"https:\/\/www.actualidadadiario.com\/index.php\/wp-json\/wp\/v2\/categories?post=14103"},{"taxonomy":"post_tag","embeddable":true,"href":"https:\/\/www.actualidadadiario.com\/index.php\/wp-json\/wp\/v2\/tags?post=14103"}],"curies":[{"name":"wp","href":"https:\/\/api.w.org\/{rel}","templated":true}]}}