{"id":14089,"date":"2017-07-05T09:35:03","date_gmt":"2017-07-05T12:35:03","guid":{"rendered":"http:\/\/actualidadadiario.com\/site\/?p=14089"},"modified":"2017-07-05T09:35:03","modified_gmt":"2017-07-05T12:35:03","slug":"segun-la-cgt-la-inflacion-de-junio-fue-del-18","status":"publish","type":"post","link":"https:\/\/www.actualidadadiario.com\/index.php\/2017\/07\/05\/segun-la-cgt-la-inflacion-de-junio-fue-del-18\/","title":{"rendered":"Seg\u00fan la CGT, la inflaci\u00f3n de junio fue del 1,8%"},"content":{"rendered":"<p><em><strong>La inflaci\u00f3n de junio se ubic\u00f3 en el 1,8 por ciento, y acumula un alza del costo de vida del 28,37%, seg\u00fan la medici\u00f3n mensual del Observatorio de Datos Econ\u00f3micos y Sociales de la CGT difundida<\/strong><\/em><\/p>\n<p>&nbsp;<\/p>\n<p>&nbsp;<\/p>\n<p>&nbsp;<\/p>\n<p>&nbsp;<\/p>\n<p>La cifra se difundi\u00f3 a una semana de la difusi\u00f3n por parte del INDEC del alza de precios que a partir de este mes tendr\u00e1 alcance nacional y se difundir\u00e1 el martes pr\u00f3ximo.<\/p>\n<p>&nbsp;<\/p>\n<p>El instituto de la central obrera inform\u00f3 tambi\u00e9n que una familia tipo, de cuatro miembros, dos mayores y dos menores, necesit\u00f3 en junio un ingreso mensual de 15.225,64 pesos para no caer debajo de la l\u00ednea de la pobreza.<\/p>\n<p>&nbsp;<\/p>\n<p>Para la CGT, la inflaci\u00f3n interanual se proyecta por encima del indicador del INDEC que hasta mayo pasado la estim\u00f3 en un 24,3%.<\/p>\n<p>&nbsp;<\/p>\n<p>La cifra de la central sindical se ubica por encima del promedio de las estimaciones realizadas por las consultoras privadas que estimaron un promedio del 1,3% y se\u00f1alaron que en junio se ubicar\u00e1 por encima del 1,5% por el impacto de los aumentos en la medicina prepaga y los combustibles y las vacaciones de invierno.<\/p>\n<p>&nbsp;<\/p>\n<p>Para la consultora de Orlando Ferreres &amp; Asociados, el mes pasado la inflaci\u00f3n cerr\u00f3 con una suba del 1,3% y julio puede estar en 1,6%, mientras que el alza anual del costo de vida en el 20%.<\/p>\n<p>&nbsp;<\/p>\n<p>La Fundaci\u00f3n de Investigaciones Econ\u00f3micas Latinoamericanas (FIEL), estim\u00f3 una inflaci\u00f3n de 1,2% a nivel general y de 1% en alimentos y que la inflaci\u00f3n n\u00facleo subi\u00f3 1,7% por encima del nivel general.<\/p>\n<p>&nbsp;<\/p>\n<p>La consultora Elypsis estim\u00f3 un incremento de 1,4% el mes pasado y que para julio proyecta un alza del 1,9% en los precios minoristas que impulsar\u00e1 a la anual hasta un 23%.<\/p>\n<p>&nbsp;<\/p>\n<p>Los analistas de Macroview se\u00f1alaron que el mes pasado la inflaci\u00f3n fue del 1,4% y de 1,7% en el caso de la inflaci\u00f3n n\u00facleo, que dificulta del proceso de desinflaci\u00f3n.<\/p>\n<p>&nbsp;<\/p>\n<p>Los economistas de Ecolatina estimaron una inflaci\u00f3n del 1,3% a nivel general y de 1,5% en alimentos, mientras que la n\u00facleo lleg\u00f3 a 1,8%.<\/p>\n","protected":false},"excerpt":{"rendered":"<p>La inflaci\u00f3n de junio se ubic\u00f3 en el 1,8 por ciento, y acumula un alza del costo de vida del 28,37%, seg\u00fan la medici\u00f3n mensual del Observatorio de Datos Econ\u00f3micos y Sociales de la CGT difundida &nbsp; &nbsp; &nbsp; &nbsp; La cifra se difundi\u00f3 a una semana de la difusi\u00f3n por parte del INDEC del alza de precios que a partir de este mes tendr\u00e1 alcance nacional y se difundir\u00e1 el martes pr\u00f3ximo. &nbsp; El instituto de la central obrera inform\u00f3 tambi\u00e9n que una familia tipo, de cuatro miembros, dos&#8230;<\/p>\n","protected":false},"author":3,"featured_media":13394,"comment_status":"closed","ping_status":"closed","sticky":false,"template":"","format":"standard","meta":[],"categories":[9],"tags":[],"_links":{"self":[{"href":"https:\/\/www.actualidadadiario.com\/index.php\/wp-json\/wp\/v2\/posts\/14089"}],"collection":[{"href":"https:\/\/www.actualidadadiario.com\/index.php\/wp-json\/wp\/v2\/posts"}],"about":[{"href":"https:\/\/www.actualidadadiario.com\/index.php\/wp-json\/wp\/v2\/types\/post"}],"author":[{"embeddable":true,"href":"https:\/\/www.actualidadadiario.com\/index.php\/wp-json\/wp\/v2\/users\/3"}],"replies":[{"embeddable":true,"href":"https:\/\/www.actualidadadiario.com\/index.php\/wp-json\/wp\/v2\/comments?post=14089"}],"version-history":[{"count":1,"href":"https:\/\/www.actualidadadiario.com\/index.php\/wp-json\/wp\/v2\/posts\/14089\/revisions"}],"predecessor-version":[{"id":14090,"href":"https:\/\/www.actualidadadiario.com\/index.php\/wp-json\/wp\/v2\/posts\/14089\/revisions\/14090"}],"wp:featuredmedia":[{"embeddable":true,"href":"https:\/\/www.actualidadadiario.com\/index.php\/wp-json\/wp\/v2\/media\/13394"}],"wp:attachment":[{"href":"https:\/\/www.actualidadadiario.com\/index.php\/wp-json\/wp\/v2\/media?parent=14089"}],"wp:term":[{"taxonomy":"category","embeddable":true,"href":"https:\/\/www.actualidadadiario.com\/index.php\/wp-json\/wp\/v2\/categories?post=14089"},{"taxonomy":"post_tag","embeddable":true,"href":"https:\/\/www.actualidadadiario.com\/index.php\/wp-json\/wp\/v2\/tags?post=14089"}],"curies":[{"name":"wp","href":"https:\/\/api.w.org\/{rel}","templated":true}]}}