{"id":14077,"date":"2017-07-05T09:29:50","date_gmt":"2017-07-05T12:29:50","guid":{"rendered":"http:\/\/actualidadadiario.com\/site\/?p=14077"},"modified":"2017-07-05T09:29:50","modified_gmt":"2017-07-05T12:29:50","slug":"a-micaela-la-mato-wagner-y-yo-lo-unico-que-hice-fue-cumplir-con-la-ley","status":"publish","type":"post","link":"https:\/\/www.actualidadadiario.com\/index.php\/2017\/07\/05\/a-micaela-la-mato-wagner-y-yo-lo-unico-que-hice-fue-cumplir-con-la-ley\/","title":{"rendered":"&#8220;A Micaela la mat\u00f3 Wagner y yo lo \u00fanico que hice fue cumplir con la ley&#8221;"},"content":{"rendered":"<p><em><strong>El magistrado que dej\u00f3 en libertad al hombre que asesin\u00f3 a la joven habl\u00f3 por primera vez en p\u00fablico. Defendi\u00f3 su resoluci\u00f3n y dijo que entendi\u00f3 a los padres de Micaela con lo que quiere reunirse<\/strong><\/em><\/p>\n<p>&nbsp;<\/p>\n<p>&nbsp;<\/p>\n<p>&nbsp;<\/p>\n<p>&nbsp;<\/p>\n<p>&nbsp;<\/p>\n<p>En la causa que se investiga el femicidio de Micaela Garc\u00eda, hablaron todas las partes y se conoci\u00f3 que el expediente fue elevado a la C\u00e1mara para que se realice el juicio correspondiente.<\/p>\n<p>&nbsp;<\/p>\n<p>Est\u00e1 confirmado que Sebasti\u00e1n Wagner fue el autor material del femicidio en tanto que se tratar\u00e1 de establecer la responsabilidad del resto de los imputados en el hecho que conmocion\u00f3 al pa\u00eds.<\/p>\n<p>&nbsp;<\/p>\n<p>El juez de Ejecuci\u00f3n de Penas Carlos Rossi, que tiene que responder por varias denuncias en el Jury de Enjuiciamiento, habl\u00f3 con UNO y rompi\u00f3 el silencio.<\/p>\n<p>&nbsp;<\/p>\n<p>Como se sabe Wagner est\u00e1 acusado de &#8220;abuso sexual con acceso carnal y posterior homicidio calificado por alevos\u00eda, por femicidio y criminis causae. Adem\u00e1s, est\u00e1n presos N\u00e9stor Pav\u00f3n, su padrastro, el polic\u00eda bonaerense Fabi\u00e1n Ehcosor, mientras que se dispuso que contin\u00fae con prisi\u00f3n domiciliaria Gabriel Otero, hijastro de Pav\u00f3n.<\/p>\n<p>&nbsp;<\/p>\n<p>Micaela de 21 a\u00f1os quien era oriunda de Concepci\u00f3n del Uruguay, estudiaba Educaci\u00f3n F\u00edsica y fue asesinada el 1 de abril de este a\u00f1o en la ciudad de Gualeguay.<\/p>\n<p>&nbsp;<\/p>\n<p>El femicidio golpe\u00f3 a los padres, a la comunidad, a la Justicia, al pa\u00eds y todo el mundo puso como el gran responsable de este hecho al juez que autoriz\u00f3 la salida transitoria de Sebasti\u00e1n Wagner.<\/p>\n<p>Esto se podr\u00eda haber evitado, claro que s\u00ed, si el autor hubiera estado preso. Pero por la actual legislaci\u00f3n gan\u00f3 la calle.<\/p>\n<p>&nbsp;<\/p>\n<p>&nbsp;<\/p>\n<p><strong>&#8220;Micaela sufri\u00f3 un calvario, y qui\u00e9n habla tambi\u00e9n&#8221;<\/strong><\/p>\n<p>El que explic\u00f3 lo que hizo y trat\u00f3 de dar sus justificaciones fue el propio juez, el tan cuestionado y criticado. Telef\u00f3nicamente esta tarde habl\u00f3 y sin pre\u00e1mbulos dijo que aceptaba la entrevista, pese a que pensaba hacer sus aclaraciones a la sociedad y a la prensa una vez que concluyera el proceso investigativo en el jury de Enjuiciamiento.<\/p>\n<p>&nbsp;<\/p>\n<p>&#8220;La verdad es que es muy feo y terrible lo que pas\u00f3, lo que le pas\u00f3 a Micaela. Es obvio que me solidarizo con sus familiares porque es tremendo lo que sucedido. Pero deber\u00e1n saber todos que actu\u00e9 ajustado a Derecho, cumpliendo con la Ley y haciendo lo que me exige la Jurisprudencia y la legislaci\u00f3n&#8221;, dijo el magistrado que tras ocurrido el suceso y las denuncias en el Jury decidi\u00f3 tomarse licencia m\u00e9dica.<\/p>\n<p>&nbsp;<\/p>\n<p>Cuando se lo consult\u00f3 si volver\u00eda a dejar en libertad a Sebasti\u00e1n Wagner, dijo tras escucharse un profundo respiro: &#8220;Mir\u00e1 la pregunta que me hac\u00e9s?. Estoy convencido que actu\u00e9 bien, que hice lo que ten\u00eda que hacer y que apliqu\u00e9 el Derecho tal como debe ser&#8221;.<\/p>\n<p>&nbsp;<\/p>\n<p>Rossi cont\u00f3: \u201cMicaela es la v\u00edctima, por supuesto, lo mismo que su familia, pero deber\u00e1n entender y es por eso que lo voy a marcar en mi defensa, cumpl\u00ed con lo que me exige hasta el propio Superior Tribunal de Justicia que me ret\u00f3 por seguir los informes Criminol\u00f3gicos. Hay jurisprudencia que me avala y que es muy clara, lo que me lleva a decir que actu\u00e9 dentro de la ley&#8221;.<\/p>\n<p>&nbsp;<\/p>\n<p>&#8220;Me atormenta como a cualquiera el calvario que vivi\u00f3 Micaela, pero tendr\u00e1n que saber que a ella yo no la mat\u00e9. La mat\u00f3 Wagner que ten\u00eda un beneficio y s\u00f3lo Dios sabe por qu\u00e9 hizo lo que hizo&#8221;, enfatiz\u00f3 el juez para marcar nuevamente: &#8220;La salida transitoria estuvo bien otorgada y yo no me puedo hacer cargo por lo que puede hacer o dejar de hacer una persona que avanza en el r\u00e9gimen de Ejecuci\u00f3n de Penas. Yo no hago futurolog\u00eda de los actos de las personas&#8221;.<\/p>\n<p>&nbsp;<\/p>\n<p>Dicho esto, marc\u00f3: &#8220;A m\u00ed tambi\u00e9n me hicieron sentir un calvario, incluso la lig\u00f3 mi familia. Me escracharon la casa, tuve que andar escondido como un delincuente, algo que no lo soy, y me doli\u00f3 much\u00edsimo lo que vive en la actualidad mi esposa y mis tres hijos que padecieron sin merecer todo esto de agravios y locuras&#8221;.<\/p>\n<p>&nbsp;<\/p>\n<p>&#8220;Afortunadamente ellos me entienden, est\u00e1n conmigo, y entienden a los padres de Micaela, pero saben que como juez fall\u00e9 ajustado a Derecho. De all\u00ed que comprenden mi tarea como Juez de Ejecuci\u00f3n de Penas&#8221;, resalt\u00f3 para recordar: &#8220;No es grato para nadie que te corran los periodistas, la gente grit\u00e1ndote en tu casa o a la salida. Tener que esquivar a todo el mundo. La verdad es que es tremendo lo que le pas\u00f3 a Micaela, a sus padres y a m\u00ed, junto a mi familia&#8221;.<\/p>\n<p>&nbsp;<\/p>\n<p>Hubo jueces, abogados o personas que se solidarizaron con \u00e9l, pero hubo otros que siendo parte del mundo de la Justicia lo criticaron. &#8220;Si son estudiosos del Derecho sabr\u00e1n que actu\u00e9 cumpliendo la ley, y si dicen otra cosa es porque tienen otros intereses&#8221;, evalu\u00f3 sobre los planteos y denuncias efectuados en los \u00faltimos tiempos.<\/p>\n<p>&nbsp;<\/p>\n<p>Volvi\u00f3 a insistir: &#8220;Entiendo, comprendo y hasta me pongo en lugar de los padres de Micaela, porque tengo hijos. Y la verdad es que no hay palabras para explicar su dolor, incluso los puedo justificar cuando se la agarran conmigo dici\u00e9ndome de todo. Los entiendo porque habla desde su dolor, al cual hay que respetar sin decir m\u00e1s que esto&#8221;.<\/p>\n<p>&nbsp;<\/p>\n<p>Rossi agradeci\u00f3 en particular a la jueza de Ejecuci\u00f3n de Penas de Paran\u00e1 Cecilia B\u00e9rtora por las explicaciones que dio a los medios de prensa, y en particular lo que indica la ley sobre las salidas transitorias. Y al hablar de los medios de prensa, se tom\u00f3 un tiempo: &#8220;La verdad que a los de Entre R\u00edos valoro las observaciones y cr\u00edticas constructivas, pero los que desinformaron, fueron amarillos y tuvieron un comportamiento que deja mucho que desear son los que llegaron de afuera. Hablaron muchas cosas sin saber, prejuzgaron y llegaron al l\u00edmite de hacerme guardias period\u00edsticas de noche, de d\u00eda, molestando a mi familia que nada ten\u00eda que ver con esto. La verdad es que esta gente, en especial de Buenos Aires, tuvo un comportamiento lamentable&#8221;.<\/p>\n<p>&nbsp;<\/p>\n<p>&#8220;Ellos pretend\u00edan hacerme un juicio popular en la plaza y hacerme un linchamiento p\u00fablico para apagar el dolor de los familiares de Micaela, y por ello es que levantaron un show con este tremendo hecho&#8221;, enfatiz\u00f3 el magistrado que volvi\u00f3 a trabajar y a\u00fan permanece con custodia en su casa y en el juzgado.<\/p>\n<p>&nbsp;<\/p>\n<p>Valor\u00f3 el rol de sus defensores en el Jury y por todo esto explic\u00f3: &#8220;Yo quiero dar las explicaciones t\u00e9cnicas, jur\u00eddicas que se tienen que dar en el lugar que corresponda y por todo esto creo que en el segundo semestre llegar\u00e1 el momento de que se sepa toda mi verdad y mis razones por las cu\u00e1les dej\u00e9 en libertad a Wagner. Por supuesto que todo est\u00e1 va a estar fundado y ajustado a Derecho&#8221;.<\/p>\n<p>&nbsp;<\/p>\n<p>&#8220;En ese \u00e1mbito se deber\u00e1 analizar mi resoluci\u00f3n, mi fallo jur\u00eddico, ah\u00ed se sabr\u00e1 y definir\u00e1 la cuesti\u00f3n, lo otro lo que se diga con otras intenciones, no van a modificar mi forma de pensar y de proceder en el juzgado, porque sigo aplicando la misma ley para todo por igual&#8221;, resalt\u00f3.<\/p>\n<p>&nbsp;<\/p>\n<p>&nbsp;<\/p>\n<p><strong>Una charla aclaratoria<\/strong><\/p>\n<p>El juez manifest\u00f3 que llegado el momento, le gustar\u00eda hablar con el padre y la madre de Micaela. Con firmeza dijo a UNO: &#8220;Seguramente si se dan las circunstancias y con el paso del tiempo y una vez que termine todo el tema del Jury, me gustar\u00eda tener un encuentro con los padres de la v\u00edctima. Quiero decirles el respeto que les tengo, mi solidaridad, pero adem\u00e1s quiero contarles por qu\u00e9 hice lo que hice&#8221;.<\/p>\n<p>&nbsp;<\/p>\n<p>&nbsp;<\/p>\n<p><strong>Nuevo defensor<\/strong><\/p>\n<p>Mat\u00edas Far\u00edas defender\u00e1 a Gabriel Otero, hijastro de Sebasti\u00e1n Wagner, que est\u00e1 imputado como coautor del crimen de la joven en Gualeguay. Desde que tom\u00f3 el caso, logr\u00f3 que el joven de 21 a\u00f1os aguarde el inicio del debate con arresto domiciliario.<\/p>\n<p>&nbsp;<\/p>\n<p>Far\u00edas tom\u00f3 la defensa de Otero hace poco m\u00e1s de dos meses, cuando el hijastro del principal acusado, Sebasti\u00e1n Wagner, se encontraba con prisi\u00f3n preventiva. En di\u00e1logo con El D\u00eda confi\u00f3 que ning\u00fan abogado gualeyo quiso tomar la defensa y a trav\u00e9s de un contacto llegaron a \u00e9l.<\/p>\n<p>&nbsp;<\/p>\n<p>Este abogado de 34 a\u00f1os tiene en claro que su cliente es inocente y que solo existe una prueba que lo involucra. Otero no fue detenido en el principio de la causa, pero quince d\u00edas despu\u00e9s de iniciado el proceso un testigo lo reconoci\u00f3 en una rueda de personas y desde ah\u00ed se lo involucr\u00f3 en el hecho. Luego de que le dictaran la prisi\u00f3n preventiva comenz\u00f3 a actuar Far\u00edas.<\/p>\n<p>&nbsp;<\/p>\n<p>&#8220;A Otero no le imputan un encubrimiento, sino la coautor\u00eda, solo hay un testigo que lo ubica en tiempo y espacio en el lugar del hecho&#8221;, manifest\u00f3 el gualeguaychuense de 34 a\u00f1os. Pero el nombre del hijastro tambi\u00e9n tuvo su vinculaci\u00f3n con el lavado del veh\u00edculo en donde fue trasladada Micaela Garc\u00eda. Para Far\u00edas esto no es relevante por el hecho de que no se le imput\u00f3 el delito de encubrimiento, a diferencia de N\u00e9stor Pav\u00f3n, que est\u00e1 acusado como coautor y de encubrir a su empleado Wagner.<\/p>\n<p>&nbsp;<\/p>\n<p>Far\u00edas prefiri\u00f3 no adelantar lo que ser\u00e1 su estrategia defensiva en el debate que se desarrollar\u00eda en octubre, pero cont\u00f3 lo que dijo Otero en su indagatoria. &#8220;Habl\u00f3 sobre lo que pas\u00f3, dijo fue que siempre estuvo a disposici\u00f3n junto a su madre, dijo &#8216;yo s\u00ed lav\u00e9 el auto esa ma\u00f1ana, pero fue porque ese d\u00eda me levant\u00e9 hice algunos mandados, anduve con mi mujer en el auto, y como estaba sucio lo lav\u00e9 y despu\u00e9s me fui a jugar al f\u00fatbol, no ten\u00eda idea lo que hab\u00eda pasado&#8217;. Eso fue lo que relat\u00f3. \u00c9l siempre estuvo a disposici\u00f3n y por eso el Juzgado le otorg\u00f3 el arresto domiciliario. Entendi\u00f3 que siempre hab\u00eda estado dispuesto a colaborar, no perturb\u00f3 la investigaci\u00f3n ni destruy\u00f3 pruebas, ni trat\u00f3 de fugarse&#8221;, detall\u00f3 el defensor.<\/p>\n<p>&nbsp;<\/p>\n<p>El abogado opin\u00f3 que Otero fue involucrado por tratarse de una causa importante y p\u00fablica, porque &#8220;el Fiscal (Ignacio Telenta) no lo hab\u00eda llamado a Otero m\u00e1s que como testigo. La \u00fanica prueba que lo involucra es un testigo que en la rueda de reconocimiento dijo &#8216;me parece que es \u00e9l&#8217;. Es lo \u00fanico que hoy en d\u00eda; lo \u00fanico que lo est\u00e1 atando a la causa, pero bueno, en el debate probaremos su inocencia&#8221;, sentenci\u00f3.<\/p>\n<p>&nbsp;<\/p>\n<p>Far\u00edas cree que &#8220;aunque sea escasa la prueba en contra&#8221;, Telenta mantendr\u00e1 la acusaci\u00f3n en el inicio del juicio, pero asegur\u00f3 que para \u00e9l es importante llegar a debate para que &#8220;se averig\u00fce la verdad&#8221;.<\/p>\n<p>&nbsp;<\/p>\n<p>Otero hoy aguarda en la casa que conviv\u00eda con Sebasti\u00e1n Wagner el inicio del juicio. Por el momento solo hay especulaciones de cu\u00e1ndo se realizar\u00eda el debate, pero se cree que podr\u00eda ser en octubre.<\/p>\n<p>&nbsp;<\/p>\n<p>Fuente: Diario UNO<\/p>\n","protected":false},"excerpt":{"rendered":"<p>El magistrado que dej\u00f3 en libertad al hombre que asesin\u00f3 a la joven habl\u00f3 por primera vez en p\u00fablico. Defendi\u00f3 su resoluci\u00f3n y dijo que entendi\u00f3 a los padres de Micaela con lo que quiere reunirse &nbsp; &nbsp; &nbsp; &nbsp; &nbsp; En la causa que se investiga el femicidio de Micaela Garc\u00eda, hablaron todas las partes y se conoci\u00f3 que el expediente fue elevado a la C\u00e1mara para que se realice el juicio correspondiente. &nbsp; Est\u00e1 confirmado que Sebasti\u00e1n Wagner fue el autor material del femicidio en tanto que se&#8230;<\/p>\n","protected":false},"author":3,"featured_media":14078,"comment_status":"closed","ping_status":"closed","sticky":false,"template":"","format":"standard","meta":[],"categories":[15],"tags":[],"_links":{"self":[{"href":"https:\/\/www.actualidadadiario.com\/index.php\/wp-json\/wp\/v2\/posts\/14077"}],"collection":[{"href":"https:\/\/www.actualidadadiario.com\/index.php\/wp-json\/wp\/v2\/posts"}],"about":[{"href":"https:\/\/www.actualidadadiario.com\/index.php\/wp-json\/wp\/v2\/types\/post"}],"author":[{"embeddable":true,"href":"https:\/\/www.actualidadadiario.com\/index.php\/wp-json\/wp\/v2\/users\/3"}],"replies":[{"embeddable":true,"href":"https:\/\/www.actualidadadiario.com\/index.php\/wp-json\/wp\/v2\/comments?post=14077"}],"version-history":[{"count":1,"href":"https:\/\/www.actualidadadiario.com\/index.php\/wp-json\/wp\/v2\/posts\/14077\/revisions"}],"predecessor-version":[{"id":14079,"href":"https:\/\/www.actualidadadiario.com\/index.php\/wp-json\/wp\/v2\/posts\/14077\/revisions\/14079"}],"wp:featuredmedia":[{"embeddable":true,"href":"https:\/\/www.actualidadadiario.com\/index.php\/wp-json\/wp\/v2\/media\/14078"}],"wp:attachment":[{"href":"https:\/\/www.actualidadadiario.com\/index.php\/wp-json\/wp\/v2\/media?parent=14077"}],"wp:term":[{"taxonomy":"category","embeddable":true,"href":"https:\/\/www.actualidadadiario.com\/index.php\/wp-json\/wp\/v2\/categories?post=14077"},{"taxonomy":"post_tag","embeddable":true,"href":"https:\/\/www.actualidadadiario.com\/index.php\/wp-json\/wp\/v2\/tags?post=14077"}],"curies":[{"name":"wp","href":"https:\/\/api.w.org\/{rel}","templated":true}]}}