{"id":14071,"date":"2017-07-05T09:28:00","date_gmt":"2017-07-05T12:28:00","guid":{"rendered":"http:\/\/actualidadadiario.com\/site\/?p=14071"},"modified":"2017-07-05T09:28:00","modified_gmt":"2017-07-05T12:28:00","slug":"sigrid-kunath-reemplazara-a-ruperto-godoy-en-el-consejo-de-la-magistratura","status":"publish","type":"post","link":"https:\/\/www.actualidadadiario.com\/index.php\/2017\/07\/05\/sigrid-kunath-reemplazara-a-ruperto-godoy-en-el-consejo-de-la-magistratura\/","title":{"rendered":"Sigrid Kunath reemplazar\u00e1 a Ruperto Godoy en el Consejo de la Magistratura"},"content":{"rendered":"<p><em><strong>La legisladora entrerriana del Frente para la Victoria, deber\u00e1 reemplazar a su compa\u00f1ero de bloque, luego de que se confirm\u00f3 un fallo que establece que los integrantes de ese cuerpo deben ser abogados<\/strong><\/em><\/p>\n<p>&nbsp;<\/p>\n<p>&nbsp;<\/p>\n<p>&nbsp;<\/p>\n<p>La entrerriana Sigrid Kunath, del Frente para la Victoria, es la senadora que deber\u00e1 reemplazar a su compa\u00f1ero de bloque, el sanjuanino Ruperto Godoy, en la integraci\u00f3n del Consejo de la Magistratura, luego de que se confirm\u00f3 un fallo que establece que los integrantes de ese cuerpo deben ser abogados.<\/p>\n<p>&nbsp;<\/p>\n<p>La decisi\u00f3n de la C\u00e1mara Nacional en lo Contencioso Administrativo Federal que confirm\u00f3 el fallo de primera instancia del juez Enrique Lavi\u00e9 Pico se conoci\u00f3 hoy y, si Godoy no logra apelar la medida ante la Corte Suprema de Justicia, quedar\u00e1 firme.<\/p>\n<p>&nbsp;<\/p>\n<p>El senador sanjuanino ingres\u00f3 al Consejo de la Magistratura en 2014, luego de que el Congreso modific\u00f3 en 2013 la legislaci\u00f3n para que los integrantes del cuerpo que debe juzgar a los magistrados deben tener los mismos requisitos que para ocupar una banca como diputado nacional.<\/p>\n<p>&nbsp;<\/p>\n<p>De acuerdo con el Decreto Parlamentario que design\u00f3 a Ruperto Godoy como consejero, firmado por el ex vicepresidente Amado Boudou, la primera suplente es Kunath, mientras que el peronista salte\u00f1o Rodolfo Urtubey le sigue en el orden de prelaci\u00f3n.<\/p>\n","protected":false},"excerpt":{"rendered":"<p>La legisladora entrerriana del Frente para la Victoria, deber\u00e1 reemplazar a su compa\u00f1ero de bloque, luego de que se confirm\u00f3 un fallo que establece que los integrantes de ese cuerpo deben ser abogados &nbsp; &nbsp; &nbsp; La entrerriana Sigrid Kunath, del Frente para la Victoria, es la senadora que deber\u00e1 reemplazar a su compa\u00f1ero de bloque, el sanjuanino Ruperto Godoy, en la integraci\u00f3n del Consejo de la Magistratura, luego de que se confirm\u00f3 un fallo que establece que los integrantes de ese cuerpo deben ser abogados. &nbsp; La decisi\u00f3n de&#8230;<\/p>\n","protected":false},"author":3,"featured_media":14072,"comment_status":"closed","ping_status":"closed","sticky":false,"template":"","format":"standard","meta":[],"categories":[9],"tags":[],"_links":{"self":[{"href":"https:\/\/www.actualidadadiario.com\/index.php\/wp-json\/wp\/v2\/posts\/14071"}],"collection":[{"href":"https:\/\/www.actualidadadiario.com\/index.php\/wp-json\/wp\/v2\/posts"}],"about":[{"href":"https:\/\/www.actualidadadiario.com\/index.php\/wp-json\/wp\/v2\/types\/post"}],"author":[{"embeddable":true,"href":"https:\/\/www.actualidadadiario.com\/index.php\/wp-json\/wp\/v2\/users\/3"}],"replies":[{"embeddable":true,"href":"https:\/\/www.actualidadadiario.com\/index.php\/wp-json\/wp\/v2\/comments?post=14071"}],"version-history":[{"count":1,"href":"https:\/\/www.actualidadadiario.com\/index.php\/wp-json\/wp\/v2\/posts\/14071\/revisions"}],"predecessor-version":[{"id":14073,"href":"https:\/\/www.actualidadadiario.com\/index.php\/wp-json\/wp\/v2\/posts\/14071\/revisions\/14073"}],"wp:featuredmedia":[{"embeddable":true,"href":"https:\/\/www.actualidadadiario.com\/index.php\/wp-json\/wp\/v2\/media\/14072"}],"wp:attachment":[{"href":"https:\/\/www.actualidadadiario.com\/index.php\/wp-json\/wp\/v2\/media?parent=14071"}],"wp:term":[{"taxonomy":"category","embeddable":true,"href":"https:\/\/www.actualidadadiario.com\/index.php\/wp-json\/wp\/v2\/categories?post=14071"},{"taxonomy":"post_tag","embeddable":true,"href":"https:\/\/www.actualidadadiario.com\/index.php\/wp-json\/wp\/v2\/tags?post=14071"}],"curies":[{"name":"wp","href":"https:\/\/api.w.org\/{rel}","templated":true}]}}