{"id":14065,"date":"2017-07-05T09:26:13","date_gmt":"2017-07-05T12:26:13","guid":{"rendered":"http:\/\/actualidadadiario.com\/site\/?p=14065"},"modified":"2017-07-05T09:26:13","modified_gmt":"2017-07-05T12:26:13","slug":"por-unanimidad-diputados-dio-media-sancion-a-la-ley-de-enfermeria","status":"publish","type":"post","link":"https:\/\/www.actualidadadiario.com\/index.php\/2017\/07\/05\/por-unanimidad-diputados-dio-media-sancion-a-la-ley-de-enfermeria\/","title":{"rendered":"Por unanimidad, Diputados dio media sanci\u00f3n a la Ley de Enfermer\u00eda"},"content":{"rendered":"<p><em><strong>El autor de la iniciativa asegur\u00f3 que &#8220;contempla la realidad del enfermero&#8221;, que actualmente cambi\u00f3. &#8220;Aquella vieja ley que hablaba de dos tramos, el auxiliar y el profesional, qued\u00f3 muy escueta, no acorde a la pr\u00e1ctica&#8221;, dijo<\/strong><\/em><\/p>\n<p>&nbsp;<\/p>\n<p>&nbsp;<\/p>\n<p>&nbsp;<\/p>\n<p>La C\u00e1mara de Diputados aprob\u00f3 por unanimidad la nueva Ley de Enfermer\u00eda, por lo cual ahora pasar\u00e1 para su tratamiento en la C\u00e1mara de Senadores. &#8220;Contempla la realidad del enfermero de hoy&#8221;, dijo el diputado Jos\u00e9 Allende, autor de la iniciativa.<\/p>\n<p>&nbsp;<\/p>\n<p>&#8220;Contempla la realidad del enfermero. Ten\u00edamos una Ley de Enfermer\u00eda desde hac\u00eda mucho tiempo, pero por suerte la realidad la dej\u00f3 totalmente obsoleta. La realidad es que los enfermeros y enfermeras se han capacitado, son universitarios, con licenciados y hay hasta doctores en Enfermer\u00eda, entonces aquella vieja ley que hablaba de dos tramos, el auxiliar y el profesional, qued\u00f3 muy escueta, no acorde a la realidad&#8221;, detall\u00f3 Allende.<\/p>\n<p>&nbsp;<\/p>\n<p>La ley, que fue aprobada por unanimidad y con la presencia en el Recinto de trabajadores de UPCN y ATE, contempla cinco tramos: &#8220;Son los dos iniciales que ten\u00eda la vieja ley y tres m\u00e1s, donde incorporamos inclusive el Doctorado, porque tenemos el orgullo de que lo haya en Entre R\u00edos&#8221;.<\/p>\n<p>&nbsp;<\/p>\n<p>&#8220;Adem\u00e1s, la ley habla de los concursos, de las incompatibilidades y todo lo que significa un beneficio econ\u00f3mico para el trabajador y que reglamenta la ley se discutir\u00e1 en paritarias. Es decir, no quedamos sujetos a una reglamentaci\u00f3n del Ejecutivo que unilateralmente diga o disponga, tampoco que lo hagamos los gremios, porque somos empleados del Estado, pero en paritarias, donde trabajamos los dos sectores juntos, podemos discutir cada uno de los temas que significan una cuesti\u00f3n econ\u00f3mica&#8221;, enfatiz\u00f3 el representante.<\/p>\n<p>&nbsp;<\/p>\n<p>Seg\u00fan record\u00f3, se trata de una ley que fue consensuada y bajo un criterio unificado: &#8220;Hay un proyecto que se modific\u00f3, se incorporaron distintas redacciones de los distintos sectores. Participaron absolutamente todos los que quisieron hacerlo. Por eso es que no sacamos la ley en menos tiempo&#8221;, finaliz\u00f3 Allende.<\/p>\n","protected":false},"excerpt":{"rendered":"<p>El autor de la iniciativa asegur\u00f3 que &#8220;contempla la realidad del enfermero&#8221;, que actualmente cambi\u00f3. &#8220;Aquella vieja ley que hablaba de dos tramos, el auxiliar y el profesional, qued\u00f3 muy escueta, no acorde a la pr\u00e1ctica&#8221;, dijo &nbsp; &nbsp; &nbsp; La C\u00e1mara de Diputados aprob\u00f3 por unanimidad la nueva Ley de Enfermer\u00eda, por lo cual ahora pasar\u00e1 para su tratamiento en la C\u00e1mara de Senadores. &#8220;Contempla la realidad del enfermero de hoy&#8221;, dijo el diputado Jos\u00e9 Allende, autor de la iniciativa. &nbsp; &#8220;Contempla la realidad del enfermero. Ten\u00edamos una Ley&#8230;<\/p>\n","protected":false},"author":3,"featured_media":14066,"comment_status":"closed","ping_status":"closed","sticky":false,"template":"","format":"standard","meta":[],"categories":[15],"tags":[],"_links":{"self":[{"href":"https:\/\/www.actualidadadiario.com\/index.php\/wp-json\/wp\/v2\/posts\/14065"}],"collection":[{"href":"https:\/\/www.actualidadadiario.com\/index.php\/wp-json\/wp\/v2\/posts"}],"about":[{"href":"https:\/\/www.actualidadadiario.com\/index.php\/wp-json\/wp\/v2\/types\/post"}],"author":[{"embeddable":true,"href":"https:\/\/www.actualidadadiario.com\/index.php\/wp-json\/wp\/v2\/users\/3"}],"replies":[{"embeddable":true,"href":"https:\/\/www.actualidadadiario.com\/index.php\/wp-json\/wp\/v2\/comments?post=14065"}],"version-history":[{"count":1,"href":"https:\/\/www.actualidadadiario.com\/index.php\/wp-json\/wp\/v2\/posts\/14065\/revisions"}],"predecessor-version":[{"id":14067,"href":"https:\/\/www.actualidadadiario.com\/index.php\/wp-json\/wp\/v2\/posts\/14065\/revisions\/14067"}],"wp:featuredmedia":[{"embeddable":true,"href":"https:\/\/www.actualidadadiario.com\/index.php\/wp-json\/wp\/v2\/media\/14066"}],"wp:attachment":[{"href":"https:\/\/www.actualidadadiario.com\/index.php\/wp-json\/wp\/v2\/media?parent=14065"}],"wp:term":[{"taxonomy":"category","embeddable":true,"href":"https:\/\/www.actualidadadiario.com\/index.php\/wp-json\/wp\/v2\/categories?post=14065"},{"taxonomy":"post_tag","embeddable":true,"href":"https:\/\/www.actualidadadiario.com\/index.php\/wp-json\/wp\/v2\/tags?post=14065"}],"curies":[{"name":"wp","href":"https:\/\/api.w.org\/{rel}","templated":true}]}}