{"id":14062,"date":"2017-07-05T09:25:15","date_gmt":"2017-07-05T12:25:15","guid":{"rendered":"http:\/\/actualidadadiario.com\/site\/?p=14062"},"modified":"2017-07-05T09:25:15","modified_gmt":"2017-07-05T12:25:15","slug":"enersa-sigue-sumando-adhesiones-al-programa-mi-ciudad-led","status":"publish","type":"post","link":"https:\/\/www.actualidadadiario.com\/index.php\/2017\/07\/05\/enersa-sigue-sumando-adhesiones-al-programa-mi-ciudad-led\/","title":{"rendered":"Enersa sigue sumando adhesiones al programa Mi ciudad LED"},"content":{"rendered":"<p><em><strong>A los fines de brindar asesoramiento para adherir a los municipios al Programa Provincial de Alumbrado P\u00fablico Eficiente Mi ciudad LED, la Empresa de Energ\u00eda de Entre R\u00edos (Enersa) realiz\u00f3 un encuentro con los presidentes municipales y de juntas de gobierno de los departamentos Gualeguaych\u00fa, Gualeguay, Nogoy\u00e1, Victoria e Islas<\/strong><\/em><\/p>\n<p>&nbsp;<\/p>\n<p>&nbsp;<\/p>\n<p>&nbsp;<\/p>\n<p>El encuentro que se realiz\u00f3 en el Centro de Convenciones de Gualeguaych\u00fa y fue encabezado por el presidente de Enersa, Jorge Gonz\u00e1lez, form\u00f3 parte del cronograma de implementaci\u00f3n del Programa, que fue lanzado en junio por el gobernador Gustavo Bordet, y formalizado a trav\u00e9s de un acuerdo marco entre Gobierno y Enersa. Es el quinto que realiza la Distribuidora; los otros cuatro tuvieron sede en Paran\u00e1, Concepci\u00f3n del Uruguay, Federal y Villaguay.<\/p>\n<p>&nbsp;<\/p>\n<p>Mi ciudad LED, tiene por objeto mejorar la seguridad de los espacios p\u00fablicos, aumentando la eficiencia energ\u00e9tica de las luminarias destinadas al alumbrado p\u00fablico, en jurisdicci\u00f3n de los Municipios que dispongan su adhesi\u00f3n al mismo. La propuesta consiste en reemplazar hasta 50.000 l\u00e1mparas convencionales por luminaria de tecnolog\u00eda LED, llegando a cubrir m\u00e1s del 50 por ciento de los sistemas de iluminaci\u00f3n existentes en toda la Provincia.<\/p>\n<p>&nbsp;<\/p>\n<p>Del acto participaron el vicepresidente municipal de Gualeguaych\u00fa, Jorge Maradey; el secretario de Gobierno, Ignacio Farf\u00e1n; el presidente de la Cooperativa El\u00e9ctrica local, Guillermo Farabello; el secretario general de la Federaci\u00f3n Argentina de Trabajadores de Luz y Fuerza, Guillermo Moser y el senador provincial por Islas del Ibicuy, Sebasti\u00e1n Olano.<\/p>\n<p>&nbsp;<\/p>\n<p>Por Enersa participaron adem\u00e1s, el vicepresidente, Sergio Men\u00e9ndez; el gerente de Gesti\u00f3n Territorial, Jos\u00e9 Pablo Bertochi, y el asesor t\u00e9cnico en representaci\u00f3n del Conicet, Andr\u00e9s Agosti; adem\u00e1s de directivos y gerentes de la Distribuidora y representantes de Municipios y Juntas de Gobierno de los departamentos mencionados.<\/p>\n<p>&nbsp;<\/p>\n<p>\u201cTal como nos lo encomend\u00f3 el propio se\u00f1or Gobernador, tenemos que federalizar la eficiencia energ\u00e9tica y facilitarle el acceso a las energ\u00edas limpias todos los usuarios\u201d, explic\u00f3 Jorge Gonz\u00e1lez, Presidente de Enersa. \u201cMi ciudad LED es un primer y gran avance, pero pr\u00f3ximamente tambi\u00e9n nos reuniremos con el Bersa y el CFI para conseguir cr\u00e9ditos blandos para el financiamiento de calefones termosolares y paneles fotovoltaicos para todos los usuarios interesados. Tenemos una responsabilidad social muy fuerte y, con esa premisa, visitamos cada una de las localidades de la Provincia, promoviendo estos beneficios y tambi\u00e9n anunciando las obras desarrolladas y las planificadas\u201d.<\/p>\n<p>&nbsp;<\/p>\n<p>En este sentido, Gonz\u00e1lez recalc\u00f3 que \u201cen las siguientes semanas, estaremos convocando a t\u00e9cnicos de Enersa, del EPRE y de la Secretar\u00eda de Energ\u00eda para conformar una mesa de planificaci\u00f3n para los pr\u00f3ximos 10 a\u00f1os. Es nuestra obligaci\u00f3n garantizarles previsibilidad en materia energ\u00e9tica a los inversores que deseen radicarse en nuestra Provincia\u201d.<\/p>\n<p>&nbsp;<\/p>\n<p>En lo que a Mi ciudad LED respecta, Enersa ya efectu\u00f3 el llamado a licitaci\u00f3n p\u00fablica nacional e internacional para la compra de las luminarias LED y, para la elaboraci\u00f3n de los pliegos correspondientes, cont\u00f3 con el asesoramiento de representantes del Conicet, una de las entidades m\u00e1s prestigiosas en materia cient\u00edfica y t\u00e9cnica de nuestro pa\u00eds.<\/p>\n<p>&nbsp;<\/p>\n<p>El siguiente paso ser\u00e1 una serie de charlas de capacitaci\u00f3n t\u00e9cnica con especialistas de Enersa y del Conicet para los t\u00e9cnicos de cada municipio, donde se los asesorar\u00e1 sobre los beneficios de la tecnolog\u00eda LED y, fundamentalmente, sobre las condiciones de seguridad de las instalaciones el\u00e9ctricas para que esta tecnolog\u00eda cumpla con su prop\u00f3sito de durabilidad de largo plazo.<\/p>\n","protected":false},"excerpt":{"rendered":"<p>A los fines de brindar asesoramiento para adherir a los municipios al Programa Provincial de Alumbrado P\u00fablico Eficiente Mi ciudad LED, la Empresa de Energ\u00eda de Entre R\u00edos (Enersa) realiz\u00f3 un encuentro con los presidentes municipales y de juntas de gobierno de los departamentos Gualeguaych\u00fa, Gualeguay, Nogoy\u00e1, Victoria e Islas &nbsp; &nbsp; &nbsp; El encuentro que se realiz\u00f3 en el Centro de Convenciones de Gualeguaych\u00fa y fue encabezado por el presidente de Enersa, Jorge Gonz\u00e1lez, form\u00f3 parte del cronograma de implementaci\u00f3n del Programa, que fue lanzado en junio por el&#8230;<\/p>\n","protected":false},"author":3,"featured_media":14063,"comment_status":"closed","ping_status":"closed","sticky":false,"template":"","format":"standard","meta":[],"categories":[15],"tags":[],"_links":{"self":[{"href":"https:\/\/www.actualidadadiario.com\/index.php\/wp-json\/wp\/v2\/posts\/14062"}],"collection":[{"href":"https:\/\/www.actualidadadiario.com\/index.php\/wp-json\/wp\/v2\/posts"}],"about":[{"href":"https:\/\/www.actualidadadiario.com\/index.php\/wp-json\/wp\/v2\/types\/post"}],"author":[{"embeddable":true,"href":"https:\/\/www.actualidadadiario.com\/index.php\/wp-json\/wp\/v2\/users\/3"}],"replies":[{"embeddable":true,"href":"https:\/\/www.actualidadadiario.com\/index.php\/wp-json\/wp\/v2\/comments?post=14062"}],"version-history":[{"count":1,"href":"https:\/\/www.actualidadadiario.com\/index.php\/wp-json\/wp\/v2\/posts\/14062\/revisions"}],"predecessor-version":[{"id":14064,"href":"https:\/\/www.actualidadadiario.com\/index.php\/wp-json\/wp\/v2\/posts\/14062\/revisions\/14064"}],"wp:featuredmedia":[{"embeddable":true,"href":"https:\/\/www.actualidadadiario.com\/index.php\/wp-json\/wp\/v2\/media\/14063"}],"wp:attachment":[{"href":"https:\/\/www.actualidadadiario.com\/index.php\/wp-json\/wp\/v2\/media?parent=14062"}],"wp:term":[{"taxonomy":"category","embeddable":true,"href":"https:\/\/www.actualidadadiario.com\/index.php\/wp-json\/wp\/v2\/categories?post=14062"},{"taxonomy":"post_tag","embeddable":true,"href":"https:\/\/www.actualidadadiario.com\/index.php\/wp-json\/wp\/v2\/tags?post=14062"}],"curies":[{"name":"wp","href":"https:\/\/api.w.org\/{rel}","templated":true}]}}