{"id":14052,"date":"2017-07-04T09:58:31","date_gmt":"2017-07-04T12:58:31","guid":{"rendered":"http:\/\/actualidadadiario.com\/site\/?p=14052"},"modified":"2017-07-04T09:58:31","modified_gmt":"2017-07-04T12:58:31","slug":"la-afa-decidio-derogar-el-siempre-polemico-articulo-225","status":"publish","type":"post","link":"https:\/\/www.actualidadadiario.com\/index.php\/2017\/07\/04\/la-afa-decidio-derogar-el-siempre-polemico-articulo-225\/","title":{"rendered":"La AFA decidi\u00f3 derogar el siempre pol\u00e9mico Art\u00edculo 225"},"content":{"rendered":"<p><em><strong>A partir del pr\u00f3ximo torneo, los clubes ya no podr\u00e1n utilizar el recurso que tanta controversia generaba por su aplicaci\u00f3n. As\u00ed, los jugadores que sean suspendidos deber\u00e1n cumplir sus sanciones, sin excepciones<\/strong><\/em><\/p>\n<p>&nbsp;<\/p>\n<p>&nbsp;<\/p>\n<p>&nbsp;<\/p>\n<p>Luego de un torneo muy pol\u00e9mico por su aplicaci\u00f3n, el Comit\u00e9 Ejecutivo de la AFA decidi\u00f3 este lunes derogar el Art\u00edculo 225, que ya no se podr\u00e1 utilizar a partir del pr\u00f3ximo certamen de Primera Divisi\u00f3n.<\/p>\n<p>&nbsp;<\/p>\n<p>Se trata de un recurso que permit\u00eda a los clubes contar con un jugador suspendido mientras otro futbolista del equipo se encontraba afectado a su selecci\u00f3n.<\/p>\n<p>&nbsp;<\/p>\n<p>En el \u00faltimo torneo, varios equipos hicieron uso del Art\u00edculo 225 en funci\u00f3n del Mundial Sub 20, incluso con juveniles que ni siquiera hab\u00edan debutado en Primera Divisi\u00f3n.<\/p>\n<p>&nbsp;<\/p>\n<p>As\u00ed, la AFA decidi\u00f3 dar de baja el 225, que entonces quedar\u00e1 prohibido a partir de la pr\u00f3xima temporada, con lo cual, los jugadores que sean suspendidos, deber\u00e1n cumplir las respectivas fechas de sanci\u00f3n, sin excepciones.<\/p>\n","protected":false},"excerpt":{"rendered":"<p>A partir del pr\u00f3ximo torneo, los clubes ya no podr\u00e1n utilizar el recurso que tanta controversia generaba por su aplicaci\u00f3n. As\u00ed, los jugadores que sean suspendidos deber\u00e1n cumplir sus sanciones, sin excepciones &nbsp; &nbsp; &nbsp; Luego de un torneo muy pol\u00e9mico por su aplicaci\u00f3n, el Comit\u00e9 Ejecutivo de la AFA decidi\u00f3 este lunes derogar el Art\u00edculo 225, que ya no se podr\u00e1 utilizar a partir del pr\u00f3ximo certamen de Primera Divisi\u00f3n. &nbsp; Se trata de un recurso que permit\u00eda a los clubes contar con un jugador suspendido mientras otro futbolista&#8230;<\/p>\n","protected":false},"author":3,"featured_media":14053,"comment_status":"closed","ping_status":"closed","sticky":false,"template":"","format":"standard","meta":[],"categories":[4],"tags":[],"_links":{"self":[{"href":"https:\/\/www.actualidadadiario.com\/index.php\/wp-json\/wp\/v2\/posts\/14052"}],"collection":[{"href":"https:\/\/www.actualidadadiario.com\/index.php\/wp-json\/wp\/v2\/posts"}],"about":[{"href":"https:\/\/www.actualidadadiario.com\/index.php\/wp-json\/wp\/v2\/types\/post"}],"author":[{"embeddable":true,"href":"https:\/\/www.actualidadadiario.com\/index.php\/wp-json\/wp\/v2\/users\/3"}],"replies":[{"embeddable":true,"href":"https:\/\/www.actualidadadiario.com\/index.php\/wp-json\/wp\/v2\/comments?post=14052"}],"version-history":[{"count":1,"href":"https:\/\/www.actualidadadiario.com\/index.php\/wp-json\/wp\/v2\/posts\/14052\/revisions"}],"predecessor-version":[{"id":14054,"href":"https:\/\/www.actualidadadiario.com\/index.php\/wp-json\/wp\/v2\/posts\/14052\/revisions\/14054"}],"wp:featuredmedia":[{"embeddable":true,"href":"https:\/\/www.actualidadadiario.com\/index.php\/wp-json\/wp\/v2\/media\/14053"}],"wp:attachment":[{"href":"https:\/\/www.actualidadadiario.com\/index.php\/wp-json\/wp\/v2\/media?parent=14052"}],"wp:term":[{"taxonomy":"category","embeddable":true,"href":"https:\/\/www.actualidadadiario.com\/index.php\/wp-json\/wp\/v2\/categories?post=14052"},{"taxonomy":"post_tag","embeddable":true,"href":"https:\/\/www.actualidadadiario.com\/index.php\/wp-json\/wp\/v2\/tags?post=14052"}],"curies":[{"name":"wp","href":"https:\/\/api.w.org\/{rel}","templated":true}]}}