{"id":14049,"date":"2017-07-04T09:57:45","date_gmt":"2017-07-04T12:57:45","guid":{"rendered":"http:\/\/actualidadadiario.com\/site\/?p=14049"},"modified":"2017-07-04T09:57:45","modified_gmt":"2017-07-04T12:57:45","slug":"corea-del-norte-disparo-otro-misil-balistico","status":"publish","type":"post","link":"https:\/\/www.actualidadadiario.com\/index.php\/2017\/07\/04\/corea-del-norte-disparo-otro-misil-balistico\/","title":{"rendered":"Corea del Norte dispar\u00f3 otro misil bal\u00edstico"},"content":{"rendered":"<p><em><strong>Cay\u00f3 en el Mar de Jap\u00f3n. Este episodio se produce en medio de tensiones entre China y los Estados Unidos, por la incursi\u00f3n de una nave de este pa\u00eds en aguas que reivindica el gigante asi\u00e1tico. El lanzamiento se produjo horas antes de las celebraciones nacionales del 4 de julio<\/strong><\/em><\/p>\n<p>&nbsp;<\/p>\n<p>&nbsp;<\/p>\n<p>&nbsp;<\/p>\n<p>Corea del Norte dispar\u00f3 este martes un misil bal\u00edstico que cay\u00f3 en el Mar de Jap\u00f3n, indicaron fuentes militares en Se\u00fal, d\u00edas despu\u00e9s de que el presidente norteamericano Donald Trump y el nuevo mandatario surcoreano Moon Jae-In examinasen la &#8220;amenaza&#8221; que representa Pyongyang.<\/p>\n<p>&nbsp;<\/p>\n<p>El lanzamiento se produjo horas antes de las celebraciones nacionales del 4 de julio en Estados Unidos por el D\u00eda de la Independencia, en una nueva escalada de tensi\u00f3n internacional en torno a las ambiciones nucleares de Corea del Norte.<\/p>\n<p>&nbsp;<\/p>\n<p>El &#8220;misil bal\u00edstico no identificado&#8221; fue disparado desde un sitio cercano a Banghyon en la provincia norcoreana de Phyongan del Norte, agregaron las Fuerzas Armadas surcoreanas en un comunicado, precisando que el misil cay\u00f3 en el Mar de Jap\u00f3n.<\/p>\n<p>&nbsp;<\/p>\n<p>Una portavoz del ministerio de Defensa surcoreano indic\u00f3 a la AFP que el misil puede haber ca\u00eddo dentro de la zona econ\u00f3mica exclusiva de Jap\u00f3n, es decir a menos de 200 millas n\u00e1uticas de sus costas.<\/p>\n<p>&nbsp;<\/p>\n<p>Tras una primera cumbre sostenida con Moon Jae-In la semana pasada en Washington, Trump dijo que la &#8220;amenaza&#8221; norcoreana requer\u00eda una &#8220;respuesta firme&#8221;.<\/p>\n","protected":false},"excerpt":{"rendered":"<p>Cay\u00f3 en el Mar de Jap\u00f3n. Este episodio se produce en medio de tensiones entre China y los Estados Unidos, por la incursi\u00f3n de una nave de este pa\u00eds en aguas que reivindica el gigante asi\u00e1tico. El lanzamiento se produjo horas antes de las celebraciones nacionales del 4 de julio &nbsp; &nbsp; &nbsp; Corea del Norte dispar\u00f3 este martes un misil bal\u00edstico que cay\u00f3 en el Mar de Jap\u00f3n, indicaron fuentes militares en Se\u00fal, d\u00edas despu\u00e9s de que el presidente norteamericano Donald Trump y el nuevo mandatario surcoreano Moon Jae-In&#8230;<\/p>\n","protected":false},"author":3,"featured_media":14050,"comment_status":"closed","ping_status":"closed","sticky":false,"template":"","format":"standard","meta":[],"categories":[4],"tags":[],"_links":{"self":[{"href":"https:\/\/www.actualidadadiario.com\/index.php\/wp-json\/wp\/v2\/posts\/14049"}],"collection":[{"href":"https:\/\/www.actualidadadiario.com\/index.php\/wp-json\/wp\/v2\/posts"}],"about":[{"href":"https:\/\/www.actualidadadiario.com\/index.php\/wp-json\/wp\/v2\/types\/post"}],"author":[{"embeddable":true,"href":"https:\/\/www.actualidadadiario.com\/index.php\/wp-json\/wp\/v2\/users\/3"}],"replies":[{"embeddable":true,"href":"https:\/\/www.actualidadadiario.com\/index.php\/wp-json\/wp\/v2\/comments?post=14049"}],"version-history":[{"count":1,"href":"https:\/\/www.actualidadadiario.com\/index.php\/wp-json\/wp\/v2\/posts\/14049\/revisions"}],"predecessor-version":[{"id":14051,"href":"https:\/\/www.actualidadadiario.com\/index.php\/wp-json\/wp\/v2\/posts\/14049\/revisions\/14051"}],"wp:featuredmedia":[{"embeddable":true,"href":"https:\/\/www.actualidadadiario.com\/index.php\/wp-json\/wp\/v2\/media\/14050"}],"wp:attachment":[{"href":"https:\/\/www.actualidadadiario.com\/index.php\/wp-json\/wp\/v2\/media?parent=14049"}],"wp:term":[{"taxonomy":"category","embeddable":true,"href":"https:\/\/www.actualidadadiario.com\/index.php\/wp-json\/wp\/v2\/categories?post=14049"},{"taxonomy":"post_tag","embeddable":true,"href":"https:\/\/www.actualidadadiario.com\/index.php\/wp-json\/wp\/v2\/tags?post=14049"}],"curies":[{"name":"wp","href":"https:\/\/api.w.org\/{rel}","templated":true}]}}