{"id":14037,"date":"2017-07-04T09:54:49","date_gmt":"2017-07-04T12:54:49","guid":{"rendered":"http:\/\/actualidadadiario.com\/site\/?p=14037"},"modified":"2017-07-04T09:54:49","modified_gmt":"2017-07-04T12:54:49","slug":"macri-el-pais-esta-en-marcha-aunque-mucha-gente-no-lo-percibe","status":"publish","type":"post","link":"https:\/\/www.actualidadadiario.com\/index.php\/2017\/07\/04\/macri-el-pais-esta-en-marcha-aunque-mucha-gente-no-lo-percibe\/","title":{"rendered":"Macri: &#8220;El pa\u00eds est\u00e1 en marcha, aunque mucha gente no lo percibe&#8221;"},"content":{"rendered":"<p><em><strong>El presidente afirm\u00f3 que la econom\u00eda crecer\u00e1 este a\u00f1o 3%. &#8220;Hemos bajado la inflaci\u00f3n&#8221;, afirm\u00f3<\/strong><\/em><\/p>\n<p>&nbsp;<\/p>\n<p>&nbsp;<\/p>\n<p>El presidente Mauricio Macri asegur\u00f3 ayer que &#8220;el pa\u00eds est\u00e1 en marcha, aunque mucha gente no lo percibe&#8221;, al tiempo que destac\u00f3 el trabajo &#8220;con todos los gobernadores, m\u00e1s all\u00e1 de cu\u00e1l sea su pertenencia pol\u00edtica&#8221;.<\/p>\n<p>&nbsp;<\/p>\n<p>Durante una teleconferencia con el canal estatal 12 de Misiones que se realiz\u00f3 al mediod\u00eda, Macri resalt\u00f3 que en el pa\u00eds &#8220;se comenz\u00f3 a crecer y el a\u00f1o pr\u00f3ximo se va a crecer a\u00fan m\u00e1s&#8221; y expres\u00f3 su &#8220;especial afecto por Misiones, porque en mi \u00e9poca empresaria trabaj\u00e9 mucho ah\u00ed, hice muchas obras, vot\u00e9 una vez, viaj\u00e9 much\u00edsimas veces. Y s\u00e9 de la din\u00e1mica y de la alegr\u00eda del misionero&#8221;.<\/p>\n<p>&nbsp;<\/p>\n<p>Al ser consultado acerca del tr\u00e1nsito de la econom\u00eda durante su gesti\u00f3n, expres\u00f3 que &#8220;no ha sido un a\u00f1o y medio f\u00e1cil, pero hemos bajado la inflaci\u00f3n; hemos vuelto al mundo; vamos a crecer este a\u00f1o un 3 por ciento y despu\u00e9s ser\u00e1 mayor el crecimiento&#8221;.<\/p>\n<p>&nbsp;<\/p>\n<p>Remarc\u00f3 la recuperaci\u00f3n de &#8220;puestos de trabajo que se hab\u00edan perdido en el primer tiempo de mi gesti\u00f3n, cuando tuvimos que sincerar muchas cosas de la econom\u00eda. Este es el camino&#8221;, afirm\u00f3 al ratificar el rumbo elegido por su administraci\u00f3n de gobierno.<\/p>\n<p>&nbsp;<\/p>\n<p>Al reiterar sus pron\u00f3sticos de crecimiento, Macri dijo que &#8220;todas las noches cuando me voy a dormir me pregunto si no pude haber hecho algo m\u00e1s por los misioneros, por los argentinos, para el pa\u00eds que nos merecemos, que so\u00f1amos&#8221;, pero &#8220;lleva su tiempo, no se hace de un d\u00eda para el otro&#8221;.<\/p>\n<p>&nbsp;<\/p>\n<p>En ese sentido expres\u00f3 que se deben dar &#8220;peque\u00f1os pasos y los misioneros tienen mucho que aportar para que esto se haga realidad. El pa\u00eds est\u00e1 en marcha, aunque mucha gente no lo percibe. Se comenz\u00f3 a crecer y el a\u00f1o pr\u00f3ximo se va crecer a\u00fan m\u00e1s&#8221;, puntualiz\u00f3.<\/p>\n<p>&nbsp;<\/p>\n<p>Adem\u00e1s, expres\u00f3 su satisfacci\u00f3n &#8220;porque algunas de las m\u00faltiples cosas que pasaron en estos 18 meses es que, claramente ahora se trabaja con todos los gobernadores, m\u00e1s all\u00e1 de cu\u00e1l sea su pertenencia pol\u00edtica&#8221;, en respuesta a los v\u00ednculos con el gobierno de Misiones.<\/p>\n<p>&nbsp;<\/p>\n<p>Luego de enumerar los planes de inversi\u00f3n previstos, las obras del Plan Belgrano, la visita de Tecn\u00f3polis federal y del programa El Estado en tu barrio, se\u00f1al\u00f3 que &#8220;hemos hecho muchas cosas en conjunto porque mi compromiso despu\u00e9s de las elecciones era trabajar por todos los argentinos&#8221;.<\/p>\n<p>&nbsp;<\/p>\n<p>En la misma l\u00ednea, el Presidente pronostic\u00f3 &#8220;una revoluci\u00f3n del aire&#8221; al referirse a los vuelos low cost, uno de los cuales a cargo de Andes L\u00edneas A\u00e9reas comenz\u00f3 a operar hoy entre Buenos Aires y Puerto Iguaz\u00fa, &#8220;con bajas tarifas con lo cual cada vez m\u00e1s personas van a poder viajar m\u00e1s seguras, m\u00e1s r\u00e1pida y as\u00ed poder trabajar, visitar su familia&#8221;, dijo.<\/p>\n<p>&nbsp;<\/p>\n<p>Macri encuadr\u00f3 las iniciativas mencionadas &#8220;en un plan que incluye conectar la Argentina. Para que sea federal tiene que estar conectada por tierra, con la hidrov\u00eda, con el ferrocarril que estamos recuperando, con las autopistas que vamos a cuadruplicar en esta gesti\u00f3n&#8221;, dijo.<\/p>\n","protected":false},"excerpt":{"rendered":"<p>El presidente afirm\u00f3 que la econom\u00eda crecer\u00e1 este a\u00f1o 3%. &#8220;Hemos bajado la inflaci\u00f3n&#8221;, afirm\u00f3 &nbsp; &nbsp; El presidente Mauricio Macri asegur\u00f3 ayer que &#8220;el pa\u00eds est\u00e1 en marcha, aunque mucha gente no lo percibe&#8221;, al tiempo que destac\u00f3 el trabajo &#8220;con todos los gobernadores, m\u00e1s all\u00e1 de cu\u00e1l sea su pertenencia pol\u00edtica&#8221;. &nbsp; Durante una teleconferencia con el canal estatal 12 de Misiones que se realiz\u00f3 al mediod\u00eda, Macri resalt\u00f3 que en el pa\u00eds &#8220;se comenz\u00f3 a crecer y el a\u00f1o pr\u00f3ximo se va a crecer a\u00fan m\u00e1s&#8221; y&#8230;<\/p>\n","protected":false},"author":3,"featured_media":14038,"comment_status":"closed","ping_status":"closed","sticky":false,"template":"","format":"standard","meta":[],"categories":[18],"tags":[],"_links":{"self":[{"href":"https:\/\/www.actualidadadiario.com\/index.php\/wp-json\/wp\/v2\/posts\/14037"}],"collection":[{"href":"https:\/\/www.actualidadadiario.com\/index.php\/wp-json\/wp\/v2\/posts"}],"about":[{"href":"https:\/\/www.actualidadadiario.com\/index.php\/wp-json\/wp\/v2\/types\/post"}],"author":[{"embeddable":true,"href":"https:\/\/www.actualidadadiario.com\/index.php\/wp-json\/wp\/v2\/users\/3"}],"replies":[{"embeddable":true,"href":"https:\/\/www.actualidadadiario.com\/index.php\/wp-json\/wp\/v2\/comments?post=14037"}],"version-history":[{"count":1,"href":"https:\/\/www.actualidadadiario.com\/index.php\/wp-json\/wp\/v2\/posts\/14037\/revisions"}],"predecessor-version":[{"id":14039,"href":"https:\/\/www.actualidadadiario.com\/index.php\/wp-json\/wp\/v2\/posts\/14037\/revisions\/14039"}],"wp:featuredmedia":[{"embeddable":true,"href":"https:\/\/www.actualidadadiario.com\/index.php\/wp-json\/wp\/v2\/media\/14038"}],"wp:attachment":[{"href":"https:\/\/www.actualidadadiario.com\/index.php\/wp-json\/wp\/v2\/media?parent=14037"}],"wp:term":[{"taxonomy":"category","embeddable":true,"href":"https:\/\/www.actualidadadiario.com\/index.php\/wp-json\/wp\/v2\/categories?post=14037"},{"taxonomy":"post_tag","embeddable":true,"href":"https:\/\/www.actualidadadiario.com\/index.php\/wp-json\/wp\/v2\/tags?post=14037"}],"curies":[{"name":"wp","href":"https:\/\/api.w.org\/{rel}","templated":true}]}}