{"id":14035,"date":"2017-07-04T09:54:04","date_gmt":"2017-07-04T12:54:04","guid":{"rendered":"http:\/\/actualidadadiario.com\/site\/?p=14035"},"modified":"2017-07-04T09:54:04","modified_gmt":"2017-07-04T12:54:04","slug":"crecen-demandas-por-la-quita-de-pensiones-por-discapacidad","status":"publish","type":"post","link":"https:\/\/www.actualidadadiario.com\/index.php\/2017\/07\/04\/crecen-demandas-por-la-quita-de-pensiones-por-discapacidad\/","title":{"rendered":"Crecen demandas por la quita de pensiones por discapacidad"},"content":{"rendered":"<p><em><strong>Se produce un aumento a pesar del anuncio del Gobierno de dar marcha atr\u00e1s con la medida<\/strong><\/em><\/p>\n<p>&nbsp;<\/p>\n<p>&nbsp;<\/p>\n<p>&nbsp;<\/p>\n<p>Las demandas judiciales y a Defensor\u00edas P\u00fablicas Oficiales por el recorte de pensiones por discapacidad crecieron en los \u00faltimos d\u00edas a pesar del anuncio del Gobierno de dar marcha atr\u00e1s con la medida, seg\u00fan public\u00f3 este lunes Diario Popular.<\/p>\n<p>&nbsp;<\/p>\n<p>Por intermedio de las Defensor\u00edas P\u00fablicas Oficiales y Juzgados Federales de todo el pa\u00eds se presentaron unos 40 amparos individuales y 30 reclamos por oficios, por v\u00eda administrativa.<\/p>\n<p>&nbsp;<\/p>\n<p>Los reclamos &#8220;no tienen respuesta positiva por lo que se sostiene la situaci\u00f3n de personas con discapacidad en todo el pa\u00eds que no cobraron los haberes que percib\u00edan, en la mayor\u00eda de los casos desde hace muchos a\u00f1os&#8221;, public\u00f3 el matutino.<\/p>\n<p>&nbsp;<\/p>\n<p>El 28 de junio pasado, por ejemplo, el Juzgado Federal de Rawson, tras un pedido de la Defensor\u00eda P\u00fablica Oficial de esa zona del pa\u00eds, realiz\u00f3 una presentaci\u00f3n colectiva ante la Comisi\u00f3n Nacional de Pensiones Asistenciales, organismo que depende del Ministerio de Desarrollo Social, encabezado por Carolina Stanley, para que se restituyan 16 pensiones no contributivas.<\/p>\n<p>&nbsp;<\/p>\n<p>&#8220;Pese a las disposiciones del Poder Ejecutivo del 23 de junio, por la cual se orden\u00f3 dejar sin efecto la suspensi\u00f3n de las pensiones no contributivas por discapacidad y las pensiones a madres de m\u00e1s de siete hijos, a la fecha muchas de ellas no fueron restituidas, incluso mediante reclamos judiciales&#8221;, se\u00f1alaron voceros.<\/p>\n","protected":false},"excerpt":{"rendered":"<p>Se produce un aumento a pesar del anuncio del Gobierno de dar marcha atr\u00e1s con la medida &nbsp; &nbsp; &nbsp; Las demandas judiciales y a Defensor\u00edas P\u00fablicas Oficiales por el recorte de pensiones por discapacidad crecieron en los \u00faltimos d\u00edas a pesar del anuncio del Gobierno de dar marcha atr\u00e1s con la medida, seg\u00fan public\u00f3 este lunes Diario Popular. &nbsp; Por intermedio de las Defensor\u00edas P\u00fablicas Oficiales y Juzgados Federales de todo el pa\u00eds se presentaron unos 40 amparos individuales y 30 reclamos por oficios, por v\u00eda administrativa. &nbsp; Los&#8230;<\/p>\n","protected":false},"author":3,"featured_media":13072,"comment_status":"closed","ping_status":"closed","sticky":false,"template":"","format":"standard","meta":[],"categories":[18],"tags":[],"_links":{"self":[{"href":"https:\/\/www.actualidadadiario.com\/index.php\/wp-json\/wp\/v2\/posts\/14035"}],"collection":[{"href":"https:\/\/www.actualidadadiario.com\/index.php\/wp-json\/wp\/v2\/posts"}],"about":[{"href":"https:\/\/www.actualidadadiario.com\/index.php\/wp-json\/wp\/v2\/types\/post"}],"author":[{"embeddable":true,"href":"https:\/\/www.actualidadadiario.com\/index.php\/wp-json\/wp\/v2\/users\/3"}],"replies":[{"embeddable":true,"href":"https:\/\/www.actualidadadiario.com\/index.php\/wp-json\/wp\/v2\/comments?post=14035"}],"version-history":[{"count":1,"href":"https:\/\/www.actualidadadiario.com\/index.php\/wp-json\/wp\/v2\/posts\/14035\/revisions"}],"predecessor-version":[{"id":14036,"href":"https:\/\/www.actualidadadiario.com\/index.php\/wp-json\/wp\/v2\/posts\/14035\/revisions\/14036"}],"wp:featuredmedia":[{"embeddable":true,"href":"https:\/\/www.actualidadadiario.com\/index.php\/wp-json\/wp\/v2\/media\/13072"}],"wp:attachment":[{"href":"https:\/\/www.actualidadadiario.com\/index.php\/wp-json\/wp\/v2\/media?parent=14035"}],"wp:term":[{"taxonomy":"category","embeddable":true,"href":"https:\/\/www.actualidadadiario.com\/index.php\/wp-json\/wp\/v2\/categories?post=14035"},{"taxonomy":"post_tag","embeddable":true,"href":"https:\/\/www.actualidadadiario.com\/index.php\/wp-json\/wp\/v2\/tags?post=14035"}],"curies":[{"name":"wp","href":"https:\/\/api.w.org\/{rel}","templated":true}]}}