{"id":14029,"date":"2017-07-04T09:50:22","date_gmt":"2017-07-04T12:50:22","guid":{"rendered":"http:\/\/actualidadadiario.com\/site\/?p=14029"},"modified":"2017-07-04T09:50:22","modified_gmt":"2017-07-04T12:50:22","slug":"la-cgt-denuncio-persecucion-gremial-por-parte-del-gobierno-y-aviso-que-recurrira-a-la-oit","status":"publish","type":"post","link":"https:\/\/www.actualidadadiario.com\/index.php\/2017\/07\/04\/la-cgt-denuncio-persecucion-gremial-por-parte-del-gobierno-y-aviso-que-recurrira-a-la-oit\/","title":{"rendered":"La CGT denunci\u00f3 &#8220;persecuci\u00f3n gremial por parte del Gobierno&#8221; y avis\u00f3 que recurrir\u00e1 a la OIT"},"content":{"rendered":"<p><em><strong>En rechazo a la intervenci\u00f3n del Sindicato de canillitas y el procesamiento de Plaini, la central obrera advirti\u00f3 que recurrir\u00e1 a la Organizaci\u00f3n Internacional del Trabajo. \u201cEs una verg\u00fcenza\u201d, expres\u00f3 Juan Carlos Schmid a trav\u00e9s de Twitter<\/strong><\/em><\/p>\n<p>&nbsp;<\/p>\n<p>&nbsp;<\/p>\n<p>&nbsp;<\/p>\n<p>La Confederaci\u00f3n General del Trabajo (CGT) denunci\u00f3 \u201cpersecuci\u00f3n gremial por parte del Gobierno\u201d en respuesta a la intervenci\u00f3n del Sindicato de Vendedores de Diarios y Revistas de Capital Federal y Buenos Aires y el procesamiento de su secretario general, Omar Plaini.<\/p>\n<p>&nbsp;<\/p>\n<p>\u201cLa causa iniciada en 2013 es una excusa que esconde tras de s\u00ed objetivos pol\u00edticos y, especialmente, persecuci\u00f3n gremial por parte del gobierno nacional\u201d, expres\u00f3 este lunes la central obrera a trav\u00e9s de un comunicado.<\/p>\n<p>&nbsp;<\/p>\n<p>Del mismo modo, la CGT denunci\u00f3 la intervenci\u00f3n de un juzgado federal \u201cenarbolando incumplimiento de la ley de Asociaciones Profesionales no solo est\u00e1 fuera de su \u00f3rbita de acci\u00f3n sino que ejerce violencia institucional sobre la representatividad de los trabajadores canillitas que eligieron sus autoridades en el marco de la ley que los regula\u201d.<\/p>\n<p>&nbsp;<\/p>\n<p>Por \u00faltimo, la CGT inst\u00f3 al juez interviniente Marcelo Mart\u00ednez De Giorgi, al Ministerio de Trabajo y al Poder Ejecutivo que \u201ccesen en la intervenci\u00f3n del gremio y, como viene sucediendo en tantos otros casos, la persecuci\u00f3n a dirigentes gremiales\u201d, y adelant\u00f3 que realizar\u00e1 la denuncia correspondiente ante la Organizaci\u00f3n Internacional del Trabajo.<\/p>\n<p>&nbsp;<\/p>\n<p>Por su parte, Juan Carlos Schmid, triunviro de la CGT, se refiri\u00f3 en su cuenta de Twitter al operativo policial como \u201cuna verg\u00fcenza\u201d, y se pregunt\u00f3 si se trat\u00f3 de \u201cun mensaje para tratar de condicionar el sindicalismo en la Argentina\u201d.<\/p>\n","protected":false},"excerpt":{"rendered":"<p>En rechazo a la intervenci\u00f3n del Sindicato de canillitas y el procesamiento de Plaini, la central obrera advirti\u00f3 que recurrir\u00e1 a la Organizaci\u00f3n Internacional del Trabajo. \u201cEs una verg\u00fcenza\u201d, expres\u00f3 Juan Carlos Schmid a trav\u00e9s de Twitter &nbsp; &nbsp; &nbsp; La Confederaci\u00f3n General del Trabajo (CGT) denunci\u00f3 \u201cpersecuci\u00f3n gremial por parte del Gobierno\u201d en respuesta a la intervenci\u00f3n del Sindicato de Vendedores de Diarios y Revistas de Capital Federal y Buenos Aires y el procesamiento de su secretario general, Omar Plaini. &nbsp; \u201cLa causa iniciada en 2013 es una excusa&#8230;<\/p>\n","protected":false},"author":3,"featured_media":14030,"comment_status":"closed","ping_status":"closed","sticky":false,"template":"","format":"standard","meta":[],"categories":[18],"tags":[],"_links":{"self":[{"href":"https:\/\/www.actualidadadiario.com\/index.php\/wp-json\/wp\/v2\/posts\/14029"}],"collection":[{"href":"https:\/\/www.actualidadadiario.com\/index.php\/wp-json\/wp\/v2\/posts"}],"about":[{"href":"https:\/\/www.actualidadadiario.com\/index.php\/wp-json\/wp\/v2\/types\/post"}],"author":[{"embeddable":true,"href":"https:\/\/www.actualidadadiario.com\/index.php\/wp-json\/wp\/v2\/users\/3"}],"replies":[{"embeddable":true,"href":"https:\/\/www.actualidadadiario.com\/index.php\/wp-json\/wp\/v2\/comments?post=14029"}],"version-history":[{"count":1,"href":"https:\/\/www.actualidadadiario.com\/index.php\/wp-json\/wp\/v2\/posts\/14029\/revisions"}],"predecessor-version":[{"id":14031,"href":"https:\/\/www.actualidadadiario.com\/index.php\/wp-json\/wp\/v2\/posts\/14029\/revisions\/14031"}],"wp:featuredmedia":[{"embeddable":true,"href":"https:\/\/www.actualidadadiario.com\/index.php\/wp-json\/wp\/v2\/media\/14030"}],"wp:attachment":[{"href":"https:\/\/www.actualidadadiario.com\/index.php\/wp-json\/wp\/v2\/media?parent=14029"}],"wp:term":[{"taxonomy":"category","embeddable":true,"href":"https:\/\/www.actualidadadiario.com\/index.php\/wp-json\/wp\/v2\/categories?post=14029"},{"taxonomy":"post_tag","embeddable":true,"href":"https:\/\/www.actualidadadiario.com\/index.php\/wp-json\/wp\/v2\/tags?post=14029"}],"curies":[{"name":"wp","href":"https:\/\/api.w.org\/{rel}","templated":true}]}}