{"id":14026,"date":"2017-07-04T09:49:34","date_gmt":"2017-07-04T12:49:34","guid":{"rendered":"http:\/\/actualidadadiario.com\/site\/?p=14026"},"modified":"2017-07-04T09:49:34","modified_gmt":"2017-07-04T12:49:34","slug":"julian-assange-y-dilma-rousseff-se-sumaron-a-la-campana-para-liberar-a-milagro-sala","status":"publish","type":"post","link":"https:\/\/www.actualidadadiario.com\/index.php\/2017\/07\/04\/julian-assange-y-dilma-rousseff-se-sumaron-a-la-campana-para-liberar-a-milagro-sala\/","title":{"rendered":"Julian Assange y Dilma Rousseff se sumaron a la campa\u00f1a para liberar a Milagro Sala"},"content":{"rendered":"<p><em><strong>Organismos sociales y de derechos humanos lanzaron una campa\u00f1a internacional para pedir por la liberaci\u00f3n de la activista pol\u00edtica, que deber\u00e1 decidir la Corte Suprema<\/strong><\/em><\/p>\n<p>&nbsp;<\/p>\n<p>&nbsp;<\/p>\n<p>&nbsp;<\/p>\n<p>A la espera del fallo de la Corte Suprema, se lanz\u00f3 una campa\u00f1a digital para pedir la libertad de Milagro Sala, detenida en forma preventiva desde hace m\u00e1s de un a\u00f1o. A ella se sumaron diversas personalidades, entre las que se destacan la ex presidenta Cristina Kirchner, Dilma Rousseff y Julian Assange.<\/p>\n<p>&nbsp;<\/p>\n<p>&#8220;Milagro Sala est\u00e1 detenida ilegalmente hace m\u00e1s de 500 d\u00edas. Participe de la campa\u00f1a internacional para pedir que liberen a Milagro&#8221;, se\u00f1al\u00f3 la exmandataria a trav\u00e9s de una red social. La campa\u00f1a fue lanzada por el Comit\u00e9 por la Libertad de Milagro Sala.<\/p>\n<p>&nbsp;<\/p>\n<p>Seg\u00fan los organizadores, la idea es reforzar el uso de los hashtags #LiberenAMilagro y #FreeMilagroNow en las redes sociales, al tiempo que se habilitar\u00e1 el sitio web liberenamilagro.org.<\/p>\n<p>&nbsp;<\/p>\n<p>En el sitio web pueden verse algunas de las firmas que apoyan el reclamo para que la l\u00edder de la Tupac Amaru sea liberada. All\u00ed est\u00e1 la ex mandataria de Brasil, Dilma Rousseff, el activista social Julian Assange, creador de Wikileaks, el ex juez Baltazar Garz\u00f3n, la intelectual Chantal Mouffle y Noam Chomsky, entre otros.<\/p>\n<p>&nbsp;<\/p>\n<p>Tambi\u00e9n figuran el periodista Horacio Verbitsky, la ex diputada del FIT Myriam Bregman, la ex presidenta Cristina Kirchner y el cantante Chico Buarque.<\/p>\n","protected":false},"excerpt":{"rendered":"<p>Organismos sociales y de derechos humanos lanzaron una campa\u00f1a internacional para pedir por la liberaci\u00f3n de la activista pol\u00edtica, que deber\u00e1 decidir la Corte Suprema &nbsp; &nbsp; &nbsp; A la espera del fallo de la Corte Suprema, se lanz\u00f3 una campa\u00f1a digital para pedir la libertad de Milagro Sala, detenida en forma preventiva desde hace m\u00e1s de un a\u00f1o. A ella se sumaron diversas personalidades, entre las que se destacan la ex presidenta Cristina Kirchner, Dilma Rousseff y Julian Assange. &nbsp; &#8220;Milagro Sala est\u00e1 detenida ilegalmente hace m\u00e1s de 500&#8230;<\/p>\n","protected":false},"author":3,"featured_media":14027,"comment_status":"closed","ping_status":"closed","sticky":false,"template":"","format":"standard","meta":[],"categories":[9],"tags":[],"_links":{"self":[{"href":"https:\/\/www.actualidadadiario.com\/index.php\/wp-json\/wp\/v2\/posts\/14026"}],"collection":[{"href":"https:\/\/www.actualidadadiario.com\/index.php\/wp-json\/wp\/v2\/posts"}],"about":[{"href":"https:\/\/www.actualidadadiario.com\/index.php\/wp-json\/wp\/v2\/types\/post"}],"author":[{"embeddable":true,"href":"https:\/\/www.actualidadadiario.com\/index.php\/wp-json\/wp\/v2\/users\/3"}],"replies":[{"embeddable":true,"href":"https:\/\/www.actualidadadiario.com\/index.php\/wp-json\/wp\/v2\/comments?post=14026"}],"version-history":[{"count":1,"href":"https:\/\/www.actualidadadiario.com\/index.php\/wp-json\/wp\/v2\/posts\/14026\/revisions"}],"predecessor-version":[{"id":14028,"href":"https:\/\/www.actualidadadiario.com\/index.php\/wp-json\/wp\/v2\/posts\/14026\/revisions\/14028"}],"wp:featuredmedia":[{"embeddable":true,"href":"https:\/\/www.actualidadadiario.com\/index.php\/wp-json\/wp\/v2\/media\/14027"}],"wp:attachment":[{"href":"https:\/\/www.actualidadadiario.com\/index.php\/wp-json\/wp\/v2\/media?parent=14026"}],"wp:term":[{"taxonomy":"category","embeddable":true,"href":"https:\/\/www.actualidadadiario.com\/index.php\/wp-json\/wp\/v2\/categories?post=14026"},{"taxonomy":"post_tag","embeddable":true,"href":"https:\/\/www.actualidadadiario.com\/index.php\/wp-json\/wp\/v2\/tags?post=14026"}],"curies":[{"name":"wp","href":"https:\/\/api.w.org\/{rel}","templated":true}]}}