{"id":14010,"date":"2017-07-04T09:42:56","date_gmt":"2017-07-04T12:42:56","guid":{"rendered":"http:\/\/actualidadadiario.com\/site\/?p=14010"},"modified":"2017-07-04T09:42:56","modified_gmt":"2017-07-04T12:42:56","slug":"amia-hallan-perfil-genetico-que-no-corresponde-a-las-victimas-del-atentado","status":"publish","type":"post","link":"https:\/\/www.actualidadadiario.com\/index.php\/2017\/07\/04\/amia-hallan-perfil-genetico-que-no-corresponde-a-las-victimas-del-atentado\/","title":{"rendered":"AMIA: hallan perfil gen\u00e9tico que no corresponde a las v\u00edctimas del atentado"},"content":{"rendered":"<p><em><strong>En el marco de la causa AMIA, los expertos del Cuerpo M\u00e9dico Forense, del Equipo Argentino de Antropolog\u00eda Forense y de la Universidad de Buenos Aires hallaron un perfil gen\u00e9tico no corresponde a las v\u00edctimas y ahora se esperan nuevas medidas relacionadas con la hip\u00f3tesis del presunto atacante suicida<\/strong><\/em><\/p>\n<p>&nbsp;<\/p>\n<p>&nbsp;<\/p>\n<p>&nbsp;<\/p>\n<p>&nbsp;<\/p>\n<p>La determinaci\u00f3n del perfil fue ya fue presentad a los fiscales de la UFI AMIA. Forman parte de la las conclusiones del estudio realizado sobre las muestras de ADN registradas en la investigaci\u00f3n del atentado del 18 de julio de 1994 contra la sede de la mutual jud\u00eda.<\/p>\n<p>&nbsp;<\/p>\n<p>Entre los hallazgos se encuentran la identificaci\u00f3n de la v\u00edctima 85, ya anticipada meses atr\u00e1s. Se trata de la individualizaci\u00f3n de los restos inhumados en el cementerio de La Tablada y la verificaci\u00f3n de la existencia de un perfil gen\u00e9tico a partir del material reservado en el laboratorio de la Polic\u00eda Federal que no corresponde a ninguna de las v\u00edctimas conocidas.<\/p>\n<p>&nbsp;<\/p>\n<p>Los expertos analizaron los perfiles de las muestras reservadas en la Divisi\u00f3n Laboratorio Qu\u00edmico de la PFA y se\u00f1alaron que todos correspond\u00edan a v\u00edctimas registradas, excepto uno.<\/p>\n<p>&nbsp;<\/p>\n<p>El descubrimiento oblig\u00f3 al equipo de fiscales a trabajar en torno a este perfil y a las muestras correspondientes. A la luz de la hip\u00f3tesis de un atacante suicida, ya han dispuesto las medidas pertinentes en el \u00e1mbito de la cooperaci\u00f3n internacional para intentar cotejar el perfil obtenido con el correspondiente a muestras de familiares del individuo sospechado. En la Justicia ya suena un nombre y apellido: a Ibrahim Hussein Berro se le atribuye haberse inmolado para provocar el atentado en la AMIA. Berro ten\u00eda 21 a\u00f1os en 1994, era liban\u00e9s y pertenec\u00eda al Hezbollah.<\/p>\n<p>&nbsp;<\/p>\n<p>Ahora, el objetivo de la UIF AMIA es lograr un cotejo con una probabilidad significativa de vinculaci\u00f3n. Al mismo tiempo, se eval\u00faan hip\u00f3tesis alternativas y se avanza con la reconstrucci\u00f3n de los momentos inmediatos al atentado, que podr\u00eda desembocar en otra &#8220;teor\u00eda&#8221; del atentado.<\/p>\n<p>&nbsp;<\/p>\n<p>Los profesionales del CMF, el EAAF y el Laboratorio de Huellas Gen\u00e9ticas de la Facultad de Farmacia y Bioqu\u00edmica de la UBA entregaron su informe sobre el total de las muestras gen\u00e9ticas registradas en la causa judicial. Seg\u00fan public\u00f3 fiscales.gob.ar, el trabajo cierra un esfuerzo conjunto de dos a\u00f1os de labor, en torno a m\u00e1s de un centenar de muestras, de los equipos liderados por los expertos Carlos Vullo, del EAAF; Daniel Corach, de la UBA; y Enzo Can\u00f3naco, del CMF.<\/p>\n<p>&nbsp;<\/p>\n<p>El informe dio respuestas al pedido de los fiscales especializados sobre la verificaci\u00f3n de identidad de quien, hasta hace meses atr\u00e1s, era la \u00fanica persona an\u00f3nima fallecida en el ataque terrorista, a pesar de haberse hallado su cuerpo. En este caso se trata de Augusto Daniel Jes\u00fas, quien muri\u00f3 en el atentado al igual que su madre Mar\u00eda Lourdes. Con la prueba gen\u00e9tica se confirma la certeza que ya hab\u00eda aportado el hallazgo del DNI del joven entre los escombras del edificio de Pasteur al 600.<\/p>\n<p>&nbsp;<\/p>\n<p>El informe cient\u00edfico tambi\u00e9n indic\u00f3 que los restos, hasta ahora sin identificaci\u00f3n, inhumados en el cementerio de La Tablada corresponden, en todos los casos, a v\u00edctimas registradas. Esta circunstancia era presumida, pero nunca hasta ahora hab\u00eda sido verificada. Lo mismo suced\u00eda con la identidad de los restos.<\/p>\n<p>&nbsp;<\/p>\n<p>&#8220;Este tramo del estudio sirvi\u00f3 no s\u00f3lo para clarificar hechos \u00fatiles al proceso sino tambi\u00e9n para satisfacer inquietudes que algunos familiares hab\u00edan acercado a la Fiscal\u00eda y sobre las que se trabaj\u00f3 en forma individualizada&#8221;, celebraron desde el Ministerio P\u00fablico Fiscal.<\/p>\n<p>&nbsp;<\/p>\n<p>Con el perfil gen\u00e9tico de un presunto suicida, los fiscales Roberto Salum, Leonardo Filippini y Santiago Eyherabide ya ordenaron avanzar en la revisi\u00f3n de las piezas de automotor y otros elementos secuestrados en la causa para evaluar nuevamente la presencia de otros perfiles gen\u00e9ticos que complementen o agreguen informaci\u00f3n cient\u00edficamente respaldada por el estudio presentado.<\/p>\n","protected":false},"excerpt":{"rendered":"<p>En el marco de la causa AMIA, los expertos del Cuerpo M\u00e9dico Forense, del Equipo Argentino de Antropolog\u00eda Forense y de la Universidad de Buenos Aires hallaron un perfil gen\u00e9tico no corresponde a las v\u00edctimas y ahora se esperan nuevas medidas relacionadas con la hip\u00f3tesis del presunto atacante suicida &nbsp; &nbsp; &nbsp; &nbsp; La determinaci\u00f3n del perfil fue ya fue presentad a los fiscales de la UFI AMIA. Forman parte de la las conclusiones del estudio realizado sobre las muestras de ADN registradas en la investigaci\u00f3n del atentado del 18&#8230;<\/p>\n","protected":false},"author":3,"featured_media":14011,"comment_status":"closed","ping_status":"closed","sticky":false,"template":"","format":"standard","meta":[],"categories":[2],"tags":[],"_links":{"self":[{"href":"https:\/\/www.actualidadadiario.com\/index.php\/wp-json\/wp\/v2\/posts\/14010"}],"collection":[{"href":"https:\/\/www.actualidadadiario.com\/index.php\/wp-json\/wp\/v2\/posts"}],"about":[{"href":"https:\/\/www.actualidadadiario.com\/index.php\/wp-json\/wp\/v2\/types\/post"}],"author":[{"embeddable":true,"href":"https:\/\/www.actualidadadiario.com\/index.php\/wp-json\/wp\/v2\/users\/3"}],"replies":[{"embeddable":true,"href":"https:\/\/www.actualidadadiario.com\/index.php\/wp-json\/wp\/v2\/comments?post=14010"}],"version-history":[{"count":1,"href":"https:\/\/www.actualidadadiario.com\/index.php\/wp-json\/wp\/v2\/posts\/14010\/revisions"}],"predecessor-version":[{"id":14012,"href":"https:\/\/www.actualidadadiario.com\/index.php\/wp-json\/wp\/v2\/posts\/14010\/revisions\/14012"}],"wp:featuredmedia":[{"embeddable":true,"href":"https:\/\/www.actualidadadiario.com\/index.php\/wp-json\/wp\/v2\/media\/14011"}],"wp:attachment":[{"href":"https:\/\/www.actualidadadiario.com\/index.php\/wp-json\/wp\/v2\/media?parent=14010"}],"wp:term":[{"taxonomy":"category","embeddable":true,"href":"https:\/\/www.actualidadadiario.com\/index.php\/wp-json\/wp\/v2\/categories?post=14010"},{"taxonomy":"post_tag","embeddable":true,"href":"https:\/\/www.actualidadadiario.com\/index.php\/wp-json\/wp\/v2\/tags?post=14010"}],"curies":[{"name":"wp","href":"https:\/\/api.w.org\/{rel}","templated":true}]}}