{"id":14007,"date":"2017-07-04T09:42:07","date_gmt":"2017-07-04T12:42:07","guid":{"rendered":"http:\/\/actualidadadiario.com\/site\/?p=14007"},"modified":"2017-07-04T09:42:07","modified_gmt":"2017-07-04T12:42:07","slug":"mas-de-doscientos-damnificados-por-el-temporal-perdieron-todos-sus-bienes","status":"publish","type":"post","link":"https:\/\/www.actualidadadiario.com\/index.php\/2017\/07\/04\/mas-de-doscientos-damnificados-por-el-temporal-perdieron-todos-sus-bienes\/","title":{"rendered":"M\u00e1s de doscientos damnificados por el temporal perdieron todos sus bienes"},"content":{"rendered":"<p><em><strong>Los doscientos evacuados por el temporal de marzo \u00faltimo no pudieron regresar a la ciudad porque perdieron absolutamente todo, la vivienda e incluso hasta el terreno, que se desliz\u00f3 en la parte alta de Comodoro<\/strong><\/em><\/p>\n<p>&nbsp;<\/p>\n<p>&nbsp;<\/p>\n<p>&nbsp;<\/p>\n<p>M\u00e1s de 200 personas contin\u00faan evacuadas por el temporal de lluvia que azot\u00f3 a la ciudad chubutense de Comodoro Rivadavia entre el 29 de marzo y 8 de abril, inform\u00f3 el secretario de Desarrollo Humano de esa municipalidad, Marcelo Rey.<\/p>\n<p>&nbsp;<\/p>\n<p>&#8220;Del total de evacuados, que se contaron por miles en aquellos d\u00edas, a\u00fan hay m\u00e1s de 200 que est\u00e1n en esa condici\u00f3n porque perdieron absolutamente todo, la vivienda e incluso hasta el terreno, que se desliz\u00f3 en la parte alta de Comodoro, donde la platea en la que estaba ubicado se desplaz\u00f3 de su lugar\u201d, explic\u00f3.<\/p>\n<p>&nbsp;<\/p>\n<p>Rey se\u00f1al\u00f3 que &#8220;ya se comenz\u00f3 con un plan para construir 50 m\u00f3dulos habitacionales que envi\u00f3 el Gobierno nacional en los barrios Laprida y Kil\u00f3metro 8&#8221;, aunque reconoci\u00f3 que &#8220;a\u00fan quedan muchos frentes por cubrir desde lo social y la infraestructura da\u00f1ada&#8221;.<\/p>\n<p>&nbsp;<\/p>\n<p>&#8220;Adem\u00e1s estamos completando la entrega de los 30.000 pesos para los primeros 666 damnificados por las inundaciones, lo que equivale al primer tramo de los 20 millones de pesos que se enviaron desde la Provincia&#8221;, agreg\u00f3.<\/p>\n","protected":false},"excerpt":{"rendered":"<p>Los doscientos evacuados por el temporal de marzo \u00faltimo no pudieron regresar a la ciudad porque perdieron absolutamente todo, la vivienda e incluso hasta el terreno, que se desliz\u00f3 en la parte alta de Comodoro &nbsp; &nbsp; &nbsp; M\u00e1s de 200 personas contin\u00faan evacuadas por el temporal de lluvia que azot\u00f3 a la ciudad chubutense de Comodoro Rivadavia entre el 29 de marzo y 8 de abril, inform\u00f3 el secretario de Desarrollo Humano de esa municipalidad, Marcelo Rey. &nbsp; &#8220;Del total de evacuados, que se contaron por miles en aquellos&#8230;<\/p>\n","protected":false},"author":3,"featured_media":14008,"comment_status":"closed","ping_status":"closed","sticky":false,"template":"","format":"standard","meta":[],"categories":[2],"tags":[],"_links":{"self":[{"href":"https:\/\/www.actualidadadiario.com\/index.php\/wp-json\/wp\/v2\/posts\/14007"}],"collection":[{"href":"https:\/\/www.actualidadadiario.com\/index.php\/wp-json\/wp\/v2\/posts"}],"about":[{"href":"https:\/\/www.actualidadadiario.com\/index.php\/wp-json\/wp\/v2\/types\/post"}],"author":[{"embeddable":true,"href":"https:\/\/www.actualidadadiario.com\/index.php\/wp-json\/wp\/v2\/users\/3"}],"replies":[{"embeddable":true,"href":"https:\/\/www.actualidadadiario.com\/index.php\/wp-json\/wp\/v2\/comments?post=14007"}],"version-history":[{"count":1,"href":"https:\/\/www.actualidadadiario.com\/index.php\/wp-json\/wp\/v2\/posts\/14007\/revisions"}],"predecessor-version":[{"id":14009,"href":"https:\/\/www.actualidadadiario.com\/index.php\/wp-json\/wp\/v2\/posts\/14007\/revisions\/14009"}],"wp:featuredmedia":[{"embeddable":true,"href":"https:\/\/www.actualidadadiario.com\/index.php\/wp-json\/wp\/v2\/media\/14008"}],"wp:attachment":[{"href":"https:\/\/www.actualidadadiario.com\/index.php\/wp-json\/wp\/v2\/media?parent=14007"}],"wp:term":[{"taxonomy":"category","embeddable":true,"href":"https:\/\/www.actualidadadiario.com\/index.php\/wp-json\/wp\/v2\/categories?post=14007"},{"taxonomy":"post_tag","embeddable":true,"href":"https:\/\/www.actualidadadiario.com\/index.php\/wp-json\/wp\/v2\/tags?post=14007"}],"curies":[{"name":"wp","href":"https:\/\/api.w.org\/{rel}","templated":true}]}}