{"id":14005,"date":"2017-07-04T09:40:55","date_gmt":"2017-07-04T12:40:55","guid":{"rendered":"http:\/\/actualidadadiario.com\/site\/?p=14005"},"modified":"2017-07-04T09:40:55","modified_gmt":"2017-07-04T12:40:55","slug":"la-justicia-proceso-a-la-narcobanda-y-no-investigara-a-varisco","status":"publish","type":"post","link":"https:\/\/www.actualidadadiario.com\/index.php\/2017\/07\/04\/la-justicia-proceso-a-la-narcobanda-y-no-investigara-a-varisco\/","title":{"rendered":"La Justicia proces\u00f3 a la narcobanda y no investigar\u00e1 a Varisco"},"content":{"rendered":"<p><em><strong>El caso se centrar\u00e1 en la megabanda de narcotraficantes, que fueron procesados este lunes. El intendente seguir\u00e1 como testigo, al igual que Bordeira y Hern\u00e1ndez<\/strong><\/em><\/p>\n<p>&nbsp;<\/p>\n<p>&nbsp;<\/p>\n<p>&nbsp;<\/p>\n<p>La Justicia Federal de Paran\u00e1 decidi\u00f3 en las \u00faltimas horas procesar a los 22 imputados de la causa que investiga el supuesto liderazgo de Daniel &#8220;Tavi&#8221; Celis de una megabanda de narcotraficantes de la capital. Por otro lado se supo que Sergio Varisco y los funcionarios municipales que declararon en el caso no ser\u00e1n investigados, sino que quedar\u00e1n sujetos al expediente como testigos.<\/p>\n<p>&nbsp;<\/p>\n<p>Fuentes judiciales confirmaron que Varisco s\u00f3lo seguir\u00e1 sujeto en el expediente como testigo, es decir, en todo caso deber\u00e1 colaborar con el posterior juicio, pero no ser\u00e1 investigado, dado que Leandro R\u00edos, magistrado a cargo de la causa, se centrar\u00e1 s\u00f3lo en el delito de narcotr\u00e1fico, que apunta a &#8220;Tavi&#8221; y a su hermano Miguel \u00c1ngel como los jefes de una megabanda de narcotraficantes, situaci\u00f3n que tuvo su punto culmine con el secuestro de 400 kilos de marihuana que eran traspasados de una avioneta a una camioneta, en Colonia Avellaneda, y que desat\u00f3 21 detenciones.<\/p>\n<p>&nbsp;<\/p>\n<p>D\u00edas atr\u00e1s el presidente municipal declar\u00f3 en la Justicia, puesto que para el traslado de la droga eran usados camiones municipales de la Unidad 2. Por esa misma situaci\u00f3n tambi\u00e9n fueron citados a comparecer Pablo Hern\u00e1ndez -concejal de Cambiemos- y Griselda Bordeira -subsecretaria de Seguridad-, quedando ambos registrados como testigos, en la misma situaci\u00f3n que el jefe comunal.<\/p>\n<p>&nbsp;<\/p>\n<p>Por su parte, los 22 imputados por narcotr\u00e1fico fueron procesados, y se espera que vayan a juicio en poco tiempo.<\/p>\n","protected":false},"excerpt":{"rendered":"<p>El caso se centrar\u00e1 en la megabanda de narcotraficantes, que fueron procesados este lunes. El intendente seguir\u00e1 como testigo, al igual que Bordeira y Hern\u00e1ndez &nbsp; &nbsp; &nbsp; La Justicia Federal de Paran\u00e1 decidi\u00f3 en las \u00faltimas horas procesar a los 22 imputados de la causa que investiga el supuesto liderazgo de Daniel &#8220;Tavi&#8221; Celis de una megabanda de narcotraficantes de la capital. Por otro lado se supo que Sergio Varisco y los funcionarios municipales que declararon en el caso no ser\u00e1n investigados, sino que quedar\u00e1n sujetos al expediente como&#8230;<\/p>\n","protected":false},"author":3,"featured_media":13696,"comment_status":"closed","ping_status":"closed","sticky":false,"template":"","format":"standard","meta":[],"categories":[9,15],"tags":[],"_links":{"self":[{"href":"https:\/\/www.actualidadadiario.com\/index.php\/wp-json\/wp\/v2\/posts\/14005"}],"collection":[{"href":"https:\/\/www.actualidadadiario.com\/index.php\/wp-json\/wp\/v2\/posts"}],"about":[{"href":"https:\/\/www.actualidadadiario.com\/index.php\/wp-json\/wp\/v2\/types\/post"}],"author":[{"embeddable":true,"href":"https:\/\/www.actualidadadiario.com\/index.php\/wp-json\/wp\/v2\/users\/3"}],"replies":[{"embeddable":true,"href":"https:\/\/www.actualidadadiario.com\/index.php\/wp-json\/wp\/v2\/comments?post=14005"}],"version-history":[{"count":1,"href":"https:\/\/www.actualidadadiario.com\/index.php\/wp-json\/wp\/v2\/posts\/14005\/revisions"}],"predecessor-version":[{"id":14006,"href":"https:\/\/www.actualidadadiario.com\/index.php\/wp-json\/wp\/v2\/posts\/14005\/revisions\/14006"}],"wp:featuredmedia":[{"embeddable":true,"href":"https:\/\/www.actualidadadiario.com\/index.php\/wp-json\/wp\/v2\/media\/13696"}],"wp:attachment":[{"href":"https:\/\/www.actualidadadiario.com\/index.php\/wp-json\/wp\/v2\/media?parent=14005"}],"wp:term":[{"taxonomy":"category","embeddable":true,"href":"https:\/\/www.actualidadadiario.com\/index.php\/wp-json\/wp\/v2\/categories?post=14005"},{"taxonomy":"post_tag","embeddable":true,"href":"https:\/\/www.actualidadadiario.com\/index.php\/wp-json\/wp\/v2\/tags?post=14005"}],"curies":[{"name":"wp","href":"https:\/\/api.w.org\/{rel}","templated":true}]}}