{"id":14002,"date":"2017-07-04T09:39:54","date_gmt":"2017-07-04T12:39:54","guid":{"rendered":"http:\/\/actualidadadiario.com\/site\/?p=14002"},"modified":"2017-07-04T09:39:54","modified_gmt":"2017-07-04T12:39:54","slug":"frigerio-se-despega-del-escandalo-de-varisco-lo-importante-es-que-la-justicia-actue-rapido","status":"publish","type":"post","link":"https:\/\/www.actualidadadiario.com\/index.php\/2017\/07\/04\/frigerio-se-despega-del-escandalo-de-varisco-lo-importante-es-que-la-justicia-actue-rapido\/","title":{"rendered":"Frigerio se despega del esc\u00e1ndalo de Varisco: &#8220;Lo importante es que la Justicia act\u00fae r\u00e1pido&#8221;"},"content":{"rendered":"<p><em><strong>El ministro del Interior, Rogelio Frigerio, se refiri\u00f3 a la investigaci\u00f3n por narcotr\u00e1fico que salpica al intendente de Paran\u00e1, Sergio Varisco, hombre de Cambiemos, y consider\u00f3 que &#8220;lo importante es que la Justicia act\u00fae r\u00e1pido&#8221;<\/strong><\/em><\/p>\n<p>&nbsp;<\/p>\n<p>&nbsp;<\/p>\n<p>&nbsp;<\/p>\n<p>&nbsp;<\/p>\n<p>&#8220;El intendente de Paran\u00e1 la semana pasada se present\u00f3 espont\u00e1neamente ante el juez e hizo todas las aclaraciones del caso, eso fue lo que me coment\u00f3 en una reuni\u00f3n que tuvimos&#8221;, explic\u00f3 Frigerio.<\/p>\n<p>&nbsp;<\/p>\n<p>Y agreg\u00f3: &#8220;Lo importante es que la Justicia act\u00fae r\u00e1pido, aclare las responsabilidades y lo importante es que sea de manera veloz, muchas veces cuando la justicia llega tarde ya no es justicia. As\u00ed que esperemos que esto pueda resolverse lo m\u00e1s r\u00e1pido posible para la tranquilidad de todos los vecinos de Paran\u00e1&#8221;.<\/p>\n<p>&nbsp;<\/p>\n<p>En las \u00faltimas horas se conocieron nuevos audios que comprometen al intendente de la ciudad de Paran\u00e1, y a un concejal de Cambiemos, Pablo Hern\u00e1ndez, en una causa por narcotr\u00e1fico.<\/p>\n","protected":false},"excerpt":{"rendered":"<p>El ministro del Interior, Rogelio Frigerio, se refiri\u00f3 a la investigaci\u00f3n por narcotr\u00e1fico que salpica al intendente de Paran\u00e1, Sergio Varisco, hombre de Cambiemos, y consider\u00f3 que &#8220;lo importante es que la Justicia act\u00fae r\u00e1pido&#8221; &nbsp; &nbsp; &nbsp; &nbsp; &#8220;El intendente de Paran\u00e1 la semana pasada se present\u00f3 espont\u00e1neamente ante el juez e hizo todas las aclaraciones del caso, eso fue lo que me coment\u00f3 en una reuni\u00f3n que tuvimos&#8221;, explic\u00f3 Frigerio. &nbsp; Y agreg\u00f3: &#8220;Lo importante es que la Justicia act\u00fae r\u00e1pido, aclare las responsabilidades y lo importante es&#8230;<\/p>\n","protected":false},"author":3,"featured_media":14003,"comment_status":"closed","ping_status":"closed","sticky":false,"template":"","format":"standard","meta":[],"categories":[15],"tags":[],"_links":{"self":[{"href":"https:\/\/www.actualidadadiario.com\/index.php\/wp-json\/wp\/v2\/posts\/14002"}],"collection":[{"href":"https:\/\/www.actualidadadiario.com\/index.php\/wp-json\/wp\/v2\/posts"}],"about":[{"href":"https:\/\/www.actualidadadiario.com\/index.php\/wp-json\/wp\/v2\/types\/post"}],"author":[{"embeddable":true,"href":"https:\/\/www.actualidadadiario.com\/index.php\/wp-json\/wp\/v2\/users\/3"}],"replies":[{"embeddable":true,"href":"https:\/\/www.actualidadadiario.com\/index.php\/wp-json\/wp\/v2\/comments?post=14002"}],"version-history":[{"count":1,"href":"https:\/\/www.actualidadadiario.com\/index.php\/wp-json\/wp\/v2\/posts\/14002\/revisions"}],"predecessor-version":[{"id":14004,"href":"https:\/\/www.actualidadadiario.com\/index.php\/wp-json\/wp\/v2\/posts\/14002\/revisions\/14004"}],"wp:featuredmedia":[{"embeddable":true,"href":"https:\/\/www.actualidadadiario.com\/index.php\/wp-json\/wp\/v2\/media\/14003"}],"wp:attachment":[{"href":"https:\/\/www.actualidadadiario.com\/index.php\/wp-json\/wp\/v2\/media?parent=14002"}],"wp:term":[{"taxonomy":"category","embeddable":true,"href":"https:\/\/www.actualidadadiario.com\/index.php\/wp-json\/wp\/v2\/categories?post=14002"},{"taxonomy":"post_tag","embeddable":true,"href":"https:\/\/www.actualidadadiario.com\/index.php\/wp-json\/wp\/v2\/tags?post=14002"}],"curies":[{"name":"wp","href":"https:\/\/api.w.org\/{rel}","templated":true}]}}