{"id":13996,"date":"2017-07-04T09:38:15","date_gmt":"2017-07-04T12:38:15","guid":{"rendered":"http:\/\/actualidadadiario.com\/site\/?p=13996"},"modified":"2017-07-04T09:38:15","modified_gmt":"2017-07-04T12:38:15","slug":"iosper-pidio-a-los-medicos-postergar-la-suba-de-los-aranceles","status":"publish","type":"post","link":"https:\/\/www.actualidadadiario.com\/index.php\/2017\/07\/04\/iosper-pidio-a-los-medicos-postergar-la-suba-de-los-aranceles\/","title":{"rendered":"Iosper pidi\u00f3 a los m\u00e9dicos postergar la suba de los aranceles"},"content":{"rendered":"<p><em><strong>&#8220;Es decisi\u00f3n de esta Obra Social sostener el valor del coseguro en 90 pesos, y no castigar el bolsillo de los trabajadores llev\u00e1ndolo a 100 pesos, y mucho menos a 150 pesos&#8221;, dijeron desde el Iosper<\/strong><\/em><\/p>\n<p>&nbsp;<\/p>\n<p>&nbsp;<\/p>\n<p>&nbsp;<\/p>\n<p>El presidente del Instituto de Obra Social de la Provincia de Entre R\u00edos (Iosper), Fernando Ca\u00f1ete, pidi\u00f3 &#8220;tolerancia&#8221; a la Federaci\u00f3n M\u00e9dica de Entre R\u00edos (Femer), para analizar la posibilidad de un incremento arancelario en los valores de las prestaciones y en el coseguro, a cargo de los afiliados. &#8220;Pedimos a la Femer que tenga tolerancia, y le proponemos volver a avanzar otra vez sobre el tema en agosto de este a\u00f1o&#8221;, dijo el titular de la obras social provincial.<\/p>\n<p>&nbsp;<\/p>\n<p>Ca\u00f1ete record\u00f3 que desde el 1 de marzo pasado, Iosper &#8220;autoriz\u00f3 un 15 por ciento de aumento en los valores de las prestaciones y acord\u00f3 la suba del coseguro a 90 pesos. Nuestra oferta entonces se hizo con racionalidad, y equilibro, junto con el compromiso de reducir los plazos de pago. En cierto que entonces sugerimos la posibilidad de otorgar otro incremento en julio, pero aclaramos que Iosper no comprometer\u00eda sus recursos y s\u00f3lo dar\u00eda respuestas que puedan cumplirse&#8221;, sostuvo.<\/p>\n<p>&nbsp;<\/p>\n<p>El funcionario record\u00f3 que &#8220;cualquier reacomodamiento arancelario se analiza, primero, financieramente, para saber cu\u00e1nto representa como inversi\u00f3n para la obra social, aunque debe existir consciencia que el Instituto que presido solo comprometer\u00e1 los recursos que tiene, y no acepar\u00e1 cualquier propuesta, sino que evaluar\u00e1 cu\u00e1nto significar\u00e1 la tasa de uso, para saber de cu\u00e1nto ser\u00e1 la erogaci\u00f3n propuesta, y si tiene el recurso financiero para acceder&#8221;.<\/p>\n<p>&nbsp;<\/p>\n<p>Adem\u00e1s, afirm\u00f3 que Iosper &#8220;comparte la preocupaci\u00f3n de Femer por los aranceles, pero la readecuaci\u00f3n arancelaria sugerida no es factible ahora&#8221;.<\/p>\n<p>&nbsp;<\/p>\n<p>Ca\u00f1ete aclar\u00f3 que &#8220;si bien Iosper qued\u00f3 por debajo en el valor de la consulta, aunque no muy lejos de los dem\u00e1s sectores de las obras sociales sindicales, seguimos siendo la obra social que en la regi\u00f3n y en el pa\u00eds, mejor paga la consulta&#8221;.<\/p>\n<p>&nbsp;<\/p>\n<p>Respecto del aumento en el valor del coseguro, Ca\u00f1ete record\u00f3 a la entidad que nuclea a los m\u00e9dicos en Entre R\u00edos, que &#8220;el incremento otorgado a los trabajadores estatales por el Gobierno de Entre R\u00edos ser\u00e1 del 23 por ciento, pero con pagos que se completar\u00e1n reci\u00e9n en los meses de agosto y octubre. Por esa raz\u00f3n, es decisi\u00f3n de esta Obra Social -por una cuesti\u00f3n de solidaridad- sostener el valor del coseguro en 90 pesos, y no castigar el bolsillo de los trabajadores llev\u00e1ndolo a 100 pesos, y mucho menos a 150 pesos, como fija el Programa M\u00e9dico Obligatorio (PMO)&#8221;.<\/p>\n<p>&nbsp;<\/p>\n<p>Ca\u00f1ete pidi\u00f3 a la Femer &#8220;que tenga tolerancia, y le proponemos volver a avanzar sobre el tema en agosto de este a\u00f1o. En funci\u00f3n de este an\u00e1lisis, nuestra propuesta estar\u00e1 siempre dentro de la racionalidad, y el equilibro presupuestario de la obra social, para promover la eficiencia, eficacia y la calidad en las prestaciones de salud que se brindan, dada la relevancia del inter\u00e9s comunitario que involucra&#8221;, destac\u00f3.<\/p>\n","protected":false},"excerpt":{"rendered":"<p>&#8220;Es decisi\u00f3n de esta Obra Social sostener el valor del coseguro en 90 pesos, y no castigar el bolsillo de los trabajadores llev\u00e1ndolo a 100 pesos, y mucho menos a 150 pesos&#8221;, dijeron desde el Iosper &nbsp; &nbsp; &nbsp; El presidente del Instituto de Obra Social de la Provincia de Entre R\u00edos (Iosper), Fernando Ca\u00f1ete, pidi\u00f3 &#8220;tolerancia&#8221; a la Federaci\u00f3n M\u00e9dica de Entre R\u00edos (Femer), para analizar la posibilidad de un incremento arancelario en los valores de las prestaciones y en el coseguro, a cargo de los afiliados. &#8220;Pedimos a&#8230;<\/p>\n","protected":false},"author":3,"featured_media":13997,"comment_status":"closed","ping_status":"closed","sticky":false,"template":"","format":"standard","meta":[],"categories":[15],"tags":[],"_links":{"self":[{"href":"https:\/\/www.actualidadadiario.com\/index.php\/wp-json\/wp\/v2\/posts\/13996"}],"collection":[{"href":"https:\/\/www.actualidadadiario.com\/index.php\/wp-json\/wp\/v2\/posts"}],"about":[{"href":"https:\/\/www.actualidadadiario.com\/index.php\/wp-json\/wp\/v2\/types\/post"}],"author":[{"embeddable":true,"href":"https:\/\/www.actualidadadiario.com\/index.php\/wp-json\/wp\/v2\/users\/3"}],"replies":[{"embeddable":true,"href":"https:\/\/www.actualidadadiario.com\/index.php\/wp-json\/wp\/v2\/comments?post=13996"}],"version-history":[{"count":1,"href":"https:\/\/www.actualidadadiario.com\/index.php\/wp-json\/wp\/v2\/posts\/13996\/revisions"}],"predecessor-version":[{"id":13998,"href":"https:\/\/www.actualidadadiario.com\/index.php\/wp-json\/wp\/v2\/posts\/13996\/revisions\/13998"}],"wp:featuredmedia":[{"embeddable":true,"href":"https:\/\/www.actualidadadiario.com\/index.php\/wp-json\/wp\/v2\/media\/13997"}],"wp:attachment":[{"href":"https:\/\/www.actualidadadiario.com\/index.php\/wp-json\/wp\/v2\/media?parent=13996"}],"wp:term":[{"taxonomy":"category","embeddable":true,"href":"https:\/\/www.actualidadadiario.com\/index.php\/wp-json\/wp\/v2\/categories?post=13996"},{"taxonomy":"post_tag","embeddable":true,"href":"https:\/\/www.actualidadadiario.com\/index.php\/wp-json\/wp\/v2\/tags?post=13996"}],"curies":[{"name":"wp","href":"https:\/\/api.w.org\/{rel}","templated":true}]}}