{"id":13991,"date":"2017-07-04T09:36:45","date_gmt":"2017-07-04T12:36:45","guid":{"rendered":"http:\/\/actualidadadiario.com\/site\/?p=13991"},"modified":"2017-07-04T09:36:45","modified_gmt":"2017-07-04T12:36:45","slug":"bordet-firmo-un-acuerdo-para-darle-mayor-transparencia-y-calidad-al-estado-provincial","status":"publish","type":"post","link":"https:\/\/www.actualidadadiario.com\/index.php\/2017\/07\/04\/bordet-firmo-un-acuerdo-para-darle-mayor-transparencia-y-calidad-al-estado-provincial\/","title":{"rendered":"Bordet firm\u00f3 un acuerdo para darle mayor transparencia y calidad al Estado provincial"},"content":{"rendered":"<p><em><strong>El gobernador Gustavo Bordet rubric\u00f3 este lunes con la Naci\u00f3n el Compromiso Federal de Modernizaci\u00f3n del Estado, el que se complementa con las acciones que en el mismo sentido viene concretando la gesti\u00f3n provincial. El acuerdo permitir\u00e1 seguir jerarquizando el empleo p\u00fablico, desburocratizando la administraci\u00f3n e incorporando tecnolog\u00eda, entre otros aspectos, con el objetivo de darle mayor transparencia y calidad a la gesti\u00f3n p\u00fablica<\/strong><\/em><\/p>\n<p>&nbsp;<\/p>\n<p>&nbsp;<\/p>\n<p>&nbsp;<\/p>\n<p>Bordet firm\u00f3 en Buenos Aires el Compromiso Federal de Modernizaci\u00f3n del Estado con el ministro de Modernizaci\u00f3n de la Naci\u00f3n, Andr\u00e9s Ibarra, tal como lo vienen haciendo las diferentes jurisdicciones.<\/p>\n<p>&nbsp;<\/p>\n<p>Este programa se complementa con las acciones que se concretan en el mismo sentido en la gesti\u00f3n del gobernador Bordet que apuntan, entre otros cometidos, a transparentar y agilizar la administraci\u00f3n y la gesti\u00f3n p\u00fablica, incrementando su calidad y poniendo el Estado al servicio de la gente.<\/p>\n<p>&nbsp;<\/p>\n<p>Junto al gobernador estuvo en la r\u00fabrica del acuerdo concretado en la sede de la cartera nacional la secretaria de Modernizaci\u00f3n y Participaci\u00f3n Ciudadana de la provincia, Lucrecia Escand\u00f3n, quien brind\u00f3 detalles del programa y sus beneficios, como as\u00ed tambi\u00e9n de las acciones que realiza la provincia. Tambi\u00e9n particip\u00f3 del acto el director de Relaciones Institucionales de la cartera nacional, Guillermo Baistrocchi.<\/p>\n<p>&nbsp;<\/p>\n<p>&#8220;El gobernador firm\u00f3 el compromiso federal por la modernizaci\u00f3n del Estado que apunta promover un conjunto de medidas de gesti\u00f3n hacia los ciudadanos en lo vinculado a la desburocratizaci\u00f3n del Estado y simplificaci\u00f3n de tr\u00e1mites, la jerarquizaci\u00f3n del empleo p\u00fablico y la inversi\u00f3n en infraestructura tecnol\u00f3gica, que apuntan a garantizar el derecho de los ciudadanos a una gesti\u00f3n p\u00fablica de calidad&#8221;, dijo Escand\u00f3n.<\/p>\n<p>&nbsp;<\/p>\n<p>Detall\u00f3 que por cada uno de los puntos que comprende este compromiso federal la provincia de Entre R\u00edos tiene avances que se han concretado en este \u00faltimo a\u00f1o y medio de gesti\u00f3n. \u201cEn lo que respecta a la desburocratizaci\u00f3n del Estado y la simplificaci\u00f3n de tr\u00e1mites, hemos trabajo fuertemente lo que es el portal \u00fanico de tr\u00e1mites para el ciudadano con m\u00e1s de 210 tramites simplificados con informaci\u00f3n de acceso p\u00fablico\u201d, dijo y agreg\u00f3 que tambi\u00e9n se ha trabajado para promover la transparencia p\u00fablica a trav\u00e9s del portal de gobierno abierto, \u201cdonde se encuentra informaci\u00f3n de gesti\u00f3n, de remuneraci\u00f3n de salario y la transparencia de diferentes sistemas administrativos de la gesti\u00f3n p\u00fablica\u201d. Dio como ejemplo en ese sentido el proceso para dar conocimiento de las licitaciones de obra p\u00fablica y contrataci\u00f3n de bienes y servicios, y el seguimiento de los expedientes que los ciudadanos tienen respecto de la administraci\u00f3n provincial.<\/p>\n<p>&nbsp;<\/p>\n<p>M\u00e1s adelante se\u00f1al\u00f3: \u201cTambi\u00e9n hemos trabajado en constituirnos como la primera autoridad de registro de la provincia en materia de firma digital otorgando las primeras firmas digitales en la provincia en el marco de circuitos cerrados. Adem\u00e1s hemos trabajo fuertemente en iniciativas que tienen que ver con la jerarquizaci\u00f3n del empleo p\u00fablico y, por disposici\u00f3n del gobernador, la Direcci\u00f3n de Personal de la provincia que pertenec\u00eda al Ministerio de Econom\u00eda pas\u00f3 a depender del Ministerio de Gobierno y Justicia y a la Secretar\u00eda de Modernizaci\u00f3n\u201d.<\/p>\n<p>&nbsp;<\/p>\n<p>Apunt\u00f3 que en base a eso d\u00edas atr\u00e1s se firm\u00f3 con el Centro de Implementaci\u00f3n de Pol\u00edticas P\u00fablicas para la Equidad y el Crecimiento (Cippec) un convenio a partir del cual se trabajar\u00e1 en una propuesta de reglamentaci\u00f3n de la ley 9755 del empleo p\u00fablico provincial junto a los diferentes gremios estatales, \u201clo que ha sido un compromiso del gobernador en el marco de las paritarias&#8221;.<\/p>\n<p>&nbsp;<\/p>\n<p>&nbsp;<\/p>\n<p><strong>Transparencia <\/strong><\/p>\n<p>Escand\u00f3n record\u00f3 tambi\u00e9n que Cippec consider\u00f3 a la provincia como la segunda en materia de transparencia presupuestaria, \u201clo que es un reconocimiento muy importante\u201d. Indic\u00f3 que tambi\u00e9n en el marco de lo que tiene que ver con transparencia la provincia particip\u00f3 de la jornada argentina abierta \u201cpresentando como ejemplo el portal de la provincia de Entre R\u00edos\u201d.<\/p>\n<p>&nbsp;<\/p>\n<p>Agreg\u00f3 que hacia adelante se trabajar\u00e1 con proyectos que tienen que ver con una nueva disposici\u00f3n de inscripci\u00f3n de proveedores para participar de las licitaciones de obras p\u00fablica y de bienes y servicios, a trav\u00e9s de un procedimiento con la Administradora Federal de Ingresos P\u00fablicos (AFIP) \u201cmuch\u00edsimo m\u00e1s transparente para la gesti\u00f3n provincial\u201d.<\/p>\n<p>&nbsp;<\/p>\n<p>Explic\u00f3 que tambi\u00e9n se trabaja en iniciativas que tienen que ver con el plan de capacitaci\u00f3n de la administraci\u00f3n p\u00fablica provincial para poder constituir el primer centro de formaci\u00f3n para el empleado p\u00fablico. \u201cPor eso participamos la semana pasada del Congreso Nacional de los Institutos de Administraci\u00f3n P\u00fablica Provincial para tomar experiencias y poder inaugurar nuestro primer centro de formaci\u00f3n\u201d.<\/p>\n<p>&nbsp;<\/p>\n<p>Por \u00faltimo, se\u00f1al\u00f3: \u201cEn las distintas \u00e1reas en lo que tiene que ver con innovaci\u00f3n tecnol\u00f3gica, con empleo p\u00fablico, con calidad y con gobierno abierto, tenemos varios proyectos que se encuentran contemplados en el plan de modernizaci\u00f3n provincial pronto a salir por decreto del gobernador. Esa es una institucionalizaci\u00f3n muy importante pero que hoy por hoy se encuentra accesible a trav\u00e9s de la p\u00e1gina del Ministerio de Gobierno y Justicia\u201d.<\/p>\n","protected":false},"excerpt":{"rendered":"<p>El gobernador Gustavo Bordet rubric\u00f3 este lunes con la Naci\u00f3n el Compromiso Federal de Modernizaci\u00f3n del Estado, el que se complementa con las acciones que en el mismo sentido viene concretando la gesti\u00f3n provincial. El acuerdo permitir\u00e1 seguir jerarquizando el empleo p\u00fablico, desburocratizando la administraci\u00f3n e incorporando tecnolog\u00eda, entre otros aspectos, con el objetivo de darle mayor transparencia y calidad a la gesti\u00f3n p\u00fablica &nbsp; &nbsp; &nbsp; Bordet firm\u00f3 en Buenos Aires el Compromiso Federal de Modernizaci\u00f3n del Estado con el ministro de Modernizaci\u00f3n de la Naci\u00f3n, Andr\u00e9s Ibarra, tal&#8230;<\/p>\n","protected":false},"author":3,"featured_media":13992,"comment_status":"closed","ping_status":"closed","sticky":false,"template":"","format":"standard","meta":[],"categories":[9,15],"tags":[],"_links":{"self":[{"href":"https:\/\/www.actualidadadiario.com\/index.php\/wp-json\/wp\/v2\/posts\/13991"}],"collection":[{"href":"https:\/\/www.actualidadadiario.com\/index.php\/wp-json\/wp\/v2\/posts"}],"about":[{"href":"https:\/\/www.actualidadadiario.com\/index.php\/wp-json\/wp\/v2\/types\/post"}],"author":[{"embeddable":true,"href":"https:\/\/www.actualidadadiario.com\/index.php\/wp-json\/wp\/v2\/users\/3"}],"replies":[{"embeddable":true,"href":"https:\/\/www.actualidadadiario.com\/index.php\/wp-json\/wp\/v2\/comments?post=13991"}],"version-history":[{"count":1,"href":"https:\/\/www.actualidadadiario.com\/index.php\/wp-json\/wp\/v2\/posts\/13991\/revisions"}],"predecessor-version":[{"id":13993,"href":"https:\/\/www.actualidadadiario.com\/index.php\/wp-json\/wp\/v2\/posts\/13991\/revisions\/13993"}],"wp:featuredmedia":[{"embeddable":true,"href":"https:\/\/www.actualidadadiario.com\/index.php\/wp-json\/wp\/v2\/media\/13992"}],"wp:attachment":[{"href":"https:\/\/www.actualidadadiario.com\/index.php\/wp-json\/wp\/v2\/media?parent=13991"}],"wp:term":[{"taxonomy":"category","embeddable":true,"href":"https:\/\/www.actualidadadiario.com\/index.php\/wp-json\/wp\/v2\/categories?post=13991"},{"taxonomy":"post_tag","embeddable":true,"href":"https:\/\/www.actualidadadiario.com\/index.php\/wp-json\/wp\/v2\/tags?post=13991"}],"curies":[{"name":"wp","href":"https:\/\/api.w.org\/{rel}","templated":true}]}}