{"id":13985,"date":"2017-07-03T10:12:11","date_gmt":"2017-07-03T13:12:11","guid":{"rendered":"http:\/\/actualidadadiario.com\/site\/?p=13985"},"modified":"2017-07-03T10:12:11","modified_gmt":"2017-07-03T13:12:11","slug":"francisco-pide-solidaridad-para-eliminar-malnutricion-y-pobreza","status":"publish","type":"post","link":"https:\/\/www.actualidadadiario.com\/index.php\/2017\/07\/03\/francisco-pide-solidaridad-para-eliminar-malnutricion-y-pobreza\/","title":{"rendered":"Francisco pide solidaridad para eliminar malnutrici\u00f3n y pobreza"},"content":{"rendered":"<p><em><strong>El papa Francisco expres\u00f3 que s\u00f3lo un esfuerzo de aut\u00e9ntica solidaridad ser\u00e1 capaz de eliminar el n\u00famero de personas malnutridas y privadas de lo necesario para vivir<\/strong><\/em><\/p>\n<p>&nbsp;<\/p>\n<p>&nbsp;<\/p>\n<p>&nbsp;<\/p>\n<p>El Sumo Pont\u00edfice hizo tal afirmaci\u00f3n en un mensaje le\u00eddo por el Secretario de Estado Vaticano, Pietro Parol\u00edn, a los participantes en la cuadrag\u00e9sima Conferencia de la Organizaci\u00f3n de Naciones Unidas para la Alimentaci\u00f3n y la Agricultura (FAO) la cual se inici\u00f3 hoy.<\/p>\n<p>&nbsp;<\/p>\n<p>No basta la intenci\u00f3n de asegurar a todos el pan cotidiano -se\u00f1al\u00f3- sino que es necesario reconocer que todos tienen derecho a \u00e9l.<\/p>\n<p>&nbsp;<\/p>\n<p>Record\u00f3 que si los objetivos propuestos son todav\u00eda lejanos, depende mucho de la falta de una cultura de la solidaridad que no logra abrirse paso en medio de las actividades internacionales, que permanecen a menudo ligadas solo al pragmatismo de las estad\u00edsticas o al deseo de una eficacia carente de la idea de compartir.<\/p>\n<p>&nbsp;<\/p>\n<p>A\u00f1adi\u00f3 que el compromiso de cada pa\u00eds por aumentar su propio nivel de nutrici\u00f3n, por mejorar la actividad en la agricultura y las condiciones de las poblaciones rurales, &#8216;se concreta en el impulso del sector agr\u00edcola, en el incremento de la producci\u00f3n o en la promoci\u00f3n de una distribuci\u00f3n efectiva de los alimentos&#8217;.<\/p>\n<p>&nbsp;<\/p>\n<p>Francisco subray\u00f3, sin embargo, que eso no basta porque lo que piden esos objetivos es que se considere que el derecho de cada persona a ser liberada de la pobreza y el hambre depende del deber de toda la familia humana de ayudar de forma concreta a los necesitados.<\/p>\n<p>&nbsp;<\/p>\n<p>&#8216;Animado tambi\u00e9n por el deseo de alentar a los gobiernos&#8217;, el Papa manifest\u00f3 su deseo de unirse &#8216;con una contribuci\u00f3n simb\u00f3lica al programa de la FAO para proveer de semillas a las familias rurales que viven en \u00e1reas donde se han juntado los efectos de los conflictos y de la sequ\u00eda&#8217;.<\/p>\n<p>&nbsp;<\/p>\n<p>Este gesto -dijo- se suma al trabajo que la Iglesia viene realizando, seg\u00fan su vocaci\u00f3n de estar de parte de los pobres de la tierra y acompa\u00f1ar el compromiso eficaz de todos en favor suyo.<\/p>\n","protected":false},"excerpt":{"rendered":"<p>El papa Francisco expres\u00f3 que s\u00f3lo un esfuerzo de aut\u00e9ntica solidaridad ser\u00e1 capaz de eliminar el n\u00famero de personas malnutridas y privadas de lo necesario para vivir &nbsp; &nbsp; &nbsp; El Sumo Pont\u00edfice hizo tal afirmaci\u00f3n en un mensaje le\u00eddo por el Secretario de Estado Vaticano, Pietro Parol\u00edn, a los participantes en la cuadrag\u00e9sima Conferencia de la Organizaci\u00f3n de Naciones Unidas para la Alimentaci\u00f3n y la Agricultura (FAO) la cual se inici\u00f3 hoy. &nbsp; No basta la intenci\u00f3n de asegurar a todos el pan cotidiano -se\u00f1al\u00f3- sino que es necesario&#8230;<\/p>\n","protected":false},"author":3,"featured_media":13986,"comment_status":"closed","ping_status":"closed","sticky":false,"template":"","format":"standard","meta":[],"categories":[4],"tags":[],"_links":{"self":[{"href":"https:\/\/www.actualidadadiario.com\/index.php\/wp-json\/wp\/v2\/posts\/13985"}],"collection":[{"href":"https:\/\/www.actualidadadiario.com\/index.php\/wp-json\/wp\/v2\/posts"}],"about":[{"href":"https:\/\/www.actualidadadiario.com\/index.php\/wp-json\/wp\/v2\/types\/post"}],"author":[{"embeddable":true,"href":"https:\/\/www.actualidadadiario.com\/index.php\/wp-json\/wp\/v2\/users\/3"}],"replies":[{"embeddable":true,"href":"https:\/\/www.actualidadadiario.com\/index.php\/wp-json\/wp\/v2\/comments?post=13985"}],"version-history":[{"count":1,"href":"https:\/\/www.actualidadadiario.com\/index.php\/wp-json\/wp\/v2\/posts\/13985\/revisions"}],"predecessor-version":[{"id":13987,"href":"https:\/\/www.actualidadadiario.com\/index.php\/wp-json\/wp\/v2\/posts\/13985\/revisions\/13987"}],"wp:featuredmedia":[{"embeddable":true,"href":"https:\/\/www.actualidadadiario.com\/index.php\/wp-json\/wp\/v2\/media\/13986"}],"wp:attachment":[{"href":"https:\/\/www.actualidadadiario.com\/index.php\/wp-json\/wp\/v2\/media?parent=13985"}],"wp:term":[{"taxonomy":"category","embeddable":true,"href":"https:\/\/www.actualidadadiario.com\/index.php\/wp-json\/wp\/v2\/categories?post=13985"},{"taxonomy":"post_tag","embeddable":true,"href":"https:\/\/www.actualidadadiario.com\/index.php\/wp-json\/wp\/v2\/tags?post=13985"}],"curies":[{"name":"wp","href":"https:\/\/api.w.org\/{rel}","templated":true}]}}