{"id":13979,"date":"2017-07-03T10:10:07","date_gmt":"2017-07-03T13:10:07","guid":{"rendered":"http:\/\/actualidadadiario.com\/site\/?p=13979"},"modified":"2017-07-03T10:10:07","modified_gmt":"2017-07-03T13:10:07","slug":"el-lider-de-las-farc-se-recupera-tras-sufrir-una-isquemia-cerebral","status":"publish","type":"post","link":"https:\/\/www.actualidadadiario.com\/index.php\/2017\/07\/03\/el-lider-de-las-farc-se-recupera-tras-sufrir-una-isquemia-cerebral\/","title":{"rendered":"El l\u00edder de las FARC se recupera tras sufrir una isquemia cerebral"},"content":{"rendered":"<p><em><strong>El m\u00e1ximo l\u00edder de las Fuerzas Armadas Revolucionarias de Colombia (FARC), Rodrigo Londo\u00f1o, Timochenko, se recupera en una cl\u00ednica de la ciudad de Villavicencio (centro del pa\u00eds) tras sufrir este domingo una isquemia cerebral. El dirigente de la guerrilla, de 59 a\u00f1os, ya fue tratado por un problema de salud a principios de marzo en La Habana, de donde regres\u00f3 en mayo, un mes antes de que la organizaci\u00f3n culminara la entrega de armas a la misi\u00f3n de Naciones Unidas que supervisa el proceso de paz. El pasado martes protagoniz\u00f3 junto con el presidente colombiano, Juan Manuel Santos, un acto que supuso el primer paso para la transformaci\u00f3n de la guerrilla m\u00e1s antigua de Am\u00e9rica Latina en un movimiento pol\u00edtico<\/strong><\/em><\/p>\n<p>&nbsp;<\/p>\n<p>&nbsp;<\/p>\n<p>&nbsp;<\/p>\n<p>&nbsp;<\/p>\n<p>&nbsp;<\/p>\n<p>&nbsp;<\/p>\n<p>&nbsp;<\/p>\n<p>Timochenko tuvo, seg\u00fan el parte m\u00e9dico, un \u201caccidente cerebral isqu\u00e9mico transitorio\u201d provocado por una afecci\u00f3n cardiaca y \u201chasta ahora su evoluci\u00f3n ha sido satisfactoria con una mejor\u00eda del 90%\u201d. Desde la cl\u00ednica Cooperativa, donde ingres\u00f3 a las ocho de la ma\u00f1ana, el comandante de las FARC Pastor Alape dijo que su estado de salud es estable y asegur\u00f3 que \u201cest\u00e1 consciente y hasta hace chistes\u201d.<\/p>\n<p>&nbsp;<\/p>\n<p>El grupo insurgente atraviesa un momento decisivo. Tras la firma en 2016 de los acuerdos de paz con el Estado colombiano, los combatientes comenzaron una transici\u00f3n a la vida civil que deber\u00eda terminar a principios de agosto. Ese mismo mes la organizaci\u00f3n tiene previsto celebrar un congreso que formalizar\u00e1 su conversi\u00f3n en un nuevo partido. El discurso de Timochenko fue, el pasado martes, el de un pol\u00edtico pr\u00f3ximo al ideario chavista, pero al fin y al cabo sus palabras reflejaron la voluntad de romper con el pasado. El dirigente guerrillero reproch\u00f3 a las autoridades no se hayan liberado todav\u00eda presos que se han beneficiado de la amnist\u00eda y quiso dejar claro que ese d\u00eda no se terminaba la existencia de las FARC, sino que se pon\u00eda fin a \u201cun alzamiento armado de 53 a\u00f1os\u201d. \u201cSeguiremos existiendo como un movimiento de car\u00e1cter legal y democr\u00e1tico\u201d, afirm\u00f3 antes de proclamar: \u201cAdi\u00f3s a las armas, adi\u00f3s a la guerra, bienvenida la paz\u201d.<\/p>\n<p>&nbsp;<\/p>\n<p>Londo\u00f1o fue la estrella del d\u00eda para los cerca de 500 guerrilleros de la vereda de Mariana P\u00e1ez, en el municipio de Mesetas. Aclamado por los suyos y perseguido por las c\u00e1maras, se hizo fotografiar junto a unos m\u00fasicos y subi\u00f3 al escenario rodeado de un cord\u00f3n humano. Las FARC son un grupo organizado extremadamente jer\u00e1rquico, lo que las distinguen de otras guerrillas m\u00e1s horizontales y ca\u00f3ticas como el Ej\u00e9rcito de Liberaci\u00f3n Nacional (ELN). Las bases reconocen la autoridad de su m\u00e1ximo l\u00edder y siguen a rajatabla sus instrucciones. Aun as\u00ed, el hecho de haber residido en La Habana durante la negociaci\u00f3n y la aplicaci\u00f3n de los acuerdos ha dado protagonismo a otros miembros del secretariado, el estado mayor de la guerrilla. Entre ellos, el jefe de la delegaci\u00f3n de paz, Iv\u00e1n M\u00e1rquez, quien ha sido la cara visible de este proceso en los \u00faltimos meses.<\/p>\n<p>&nbsp;<\/p>\n<p>&#8220;Lo que diga Iv\u00e1n&#8221;, sol\u00eda ser la respuesta de los guerrilleros cuando se les consultaba sobre sus inquietudes y sus quejas, relacionadas principalmente con los aspectos log\u00edsticos de su reincorporaci\u00f3n a la sociedad, su indumentaria o sus futuras viviendas. El pasado lunes por la noche, cuando faltaba unas horas para la ceremonia del desarme, uno de ellos demostr\u00f3 que hab\u00eda asimilado el argumentario pol\u00edtico de las nuevas FARC. A las puertas del campamento, dijo a EL PA\u00cdS: &#8220;La l\u00f3gica que todos buscamos es seguir con el nuevo paso que estamos dando, el nuevo movimiento pol\u00edtico, continuar la lucha por la v\u00eda pol\u00edtica&#8221;. En ese camino, resultar\u00e1 crucial la influencia de Timochenko y de M\u00e1rquez.<\/p>\n","protected":false},"excerpt":{"rendered":"<p>El m\u00e1ximo l\u00edder de las Fuerzas Armadas Revolucionarias de Colombia (FARC), Rodrigo Londo\u00f1o, Timochenko, se recupera en una cl\u00ednica de la ciudad de Villavicencio (centro del pa\u00eds) tras sufrir este domingo una isquemia cerebral. El dirigente de la guerrilla, de 59 a\u00f1os, ya fue tratado por un problema de salud a principios de marzo en La Habana, de donde regres\u00f3 en mayo, un mes antes de que la organizaci\u00f3n culminara la entrega de armas a la misi\u00f3n de Naciones Unidas que supervisa el proceso de paz. El pasado martes protagoniz\u00f3&#8230;<\/p>\n","protected":false},"author":3,"featured_media":13980,"comment_status":"closed","ping_status":"closed","sticky":false,"template":"","format":"standard","meta":[],"categories":[4],"tags":[],"_links":{"self":[{"href":"https:\/\/www.actualidadadiario.com\/index.php\/wp-json\/wp\/v2\/posts\/13979"}],"collection":[{"href":"https:\/\/www.actualidadadiario.com\/index.php\/wp-json\/wp\/v2\/posts"}],"about":[{"href":"https:\/\/www.actualidadadiario.com\/index.php\/wp-json\/wp\/v2\/types\/post"}],"author":[{"embeddable":true,"href":"https:\/\/www.actualidadadiario.com\/index.php\/wp-json\/wp\/v2\/users\/3"}],"replies":[{"embeddable":true,"href":"https:\/\/www.actualidadadiario.com\/index.php\/wp-json\/wp\/v2\/comments?post=13979"}],"version-history":[{"count":1,"href":"https:\/\/www.actualidadadiario.com\/index.php\/wp-json\/wp\/v2\/posts\/13979\/revisions"}],"predecessor-version":[{"id":13981,"href":"https:\/\/www.actualidadadiario.com\/index.php\/wp-json\/wp\/v2\/posts\/13979\/revisions\/13981"}],"wp:featuredmedia":[{"embeddable":true,"href":"https:\/\/www.actualidadadiario.com\/index.php\/wp-json\/wp\/v2\/media\/13980"}],"wp:attachment":[{"href":"https:\/\/www.actualidadadiario.com\/index.php\/wp-json\/wp\/v2\/media?parent=13979"}],"wp:term":[{"taxonomy":"category","embeddable":true,"href":"https:\/\/www.actualidadadiario.com\/index.php\/wp-json\/wp\/v2\/categories?post=13979"},{"taxonomy":"post_tag","embeddable":true,"href":"https:\/\/www.actualidadadiario.com\/index.php\/wp-json\/wp\/v2\/tags?post=13979"}],"curies":[{"name":"wp","href":"https:\/\/api.w.org\/{rel}","templated":true}]}}