{"id":13964,"date":"2017-07-03T10:02:33","date_gmt":"2017-07-03T13:02:33","guid":{"rendered":"http:\/\/actualidadadiario.com\/site\/?p=13964"},"modified":"2017-07-03T10:02:33","modified_gmt":"2017-07-03T13:02:33","slug":"la-corte-habla-de-crisis-institucional","status":"publish","type":"post","link":"https:\/\/www.actualidadadiario.com\/index.php\/2017\/07\/03\/la-corte-habla-de-crisis-institucional\/","title":{"rendered":"La Corte habla de &#8220;crisis institucional&#8221;"},"content":{"rendered":"<p><em><strong>Estar\u00eda dada por las vacantes en la Justicia, de acuerdo con el an\u00e1lisis que se conoci\u00f3 este lunes. M\u00e1s del 28 por ciento del total de los cargos de jueces no est\u00e1 cubierto<\/strong><\/em><\/p>\n<p>&nbsp;<\/p>\n<p>&nbsp;<\/p>\n<p>&nbsp;<\/p>\n<p>La Corte Suprema analiz\u00f3 la situaci\u00f3n de las vacantes en la justicia nacional y federal y evalu\u00f3 que se trata de una &#8220;crisis institucional&#8221; en el marco de una &#8220;emergencia&#8221;.<\/p>\n<p>&nbsp;<\/p>\n<p>La justicia nacional y federal tiene actualmente 277 vacantes; esto implica que m\u00e1s del 28% del total de los cargos de jueces no est\u00e1 cubierto.<\/p>\n<p>&nbsp;<\/p>\n<p>En la actualidad, seg\u00fan public\u00f3 un matutino porte\u00f1o, 213 vacantes est\u00e1n en el Consejo de la Magistratura, donde empieza el tr\u00e1mite de reemplazo.<\/p>\n<p>&nbsp;<\/p>\n<p>El resto se reparte entre el Poder Ejecutivo (38) y el Senado (26), seg\u00fan informaci\u00f3n oficial del Consejo.<\/p>\n<p>&nbsp;<\/p>\n<p>El organismo eval\u00faa a los candidatos y prepara una terna que le env\u00eda al Presidente para que elija al futuro juez, aunque el tr\u00e1mite es largo.<\/p>\n","protected":false},"excerpt":{"rendered":"<p>Estar\u00eda dada por las vacantes en la Justicia, de acuerdo con el an\u00e1lisis que se conoci\u00f3 este lunes. M\u00e1s del 28 por ciento del total de los cargos de jueces no est\u00e1 cubierto &nbsp; &nbsp; &nbsp; La Corte Suprema analiz\u00f3 la situaci\u00f3n de las vacantes en la justicia nacional y federal y evalu\u00f3 que se trata de una &#8220;crisis institucional&#8221; en el marco de una &#8220;emergencia&#8221;. &nbsp; La justicia nacional y federal tiene actualmente 277 vacantes; esto implica que m\u00e1s del 28% del total de los cargos de jueces no&#8230;<\/p>\n","protected":false},"author":3,"featured_media":13965,"comment_status":"closed","ping_status":"closed","sticky":false,"template":"","format":"standard","meta":[],"categories":[18],"tags":[],"_links":{"self":[{"href":"https:\/\/www.actualidadadiario.com\/index.php\/wp-json\/wp\/v2\/posts\/13964"}],"collection":[{"href":"https:\/\/www.actualidadadiario.com\/index.php\/wp-json\/wp\/v2\/posts"}],"about":[{"href":"https:\/\/www.actualidadadiario.com\/index.php\/wp-json\/wp\/v2\/types\/post"}],"author":[{"embeddable":true,"href":"https:\/\/www.actualidadadiario.com\/index.php\/wp-json\/wp\/v2\/users\/3"}],"replies":[{"embeddable":true,"href":"https:\/\/www.actualidadadiario.com\/index.php\/wp-json\/wp\/v2\/comments?post=13964"}],"version-history":[{"count":1,"href":"https:\/\/www.actualidadadiario.com\/index.php\/wp-json\/wp\/v2\/posts\/13964\/revisions"}],"predecessor-version":[{"id":13966,"href":"https:\/\/www.actualidadadiario.com\/index.php\/wp-json\/wp\/v2\/posts\/13964\/revisions\/13966"}],"wp:featuredmedia":[{"embeddable":true,"href":"https:\/\/www.actualidadadiario.com\/index.php\/wp-json\/wp\/v2\/media\/13965"}],"wp:attachment":[{"href":"https:\/\/www.actualidadadiario.com\/index.php\/wp-json\/wp\/v2\/media?parent=13964"}],"wp:term":[{"taxonomy":"category","embeddable":true,"href":"https:\/\/www.actualidadadiario.com\/index.php\/wp-json\/wp\/v2\/categories?post=13964"},{"taxonomy":"post_tag","embeddable":true,"href":"https:\/\/www.actualidadadiario.com\/index.php\/wp-json\/wp\/v2\/tags?post=13964"}],"curies":[{"name":"wp","href":"https:\/\/api.w.org\/{rel}","templated":true}]}}