{"id":13958,"date":"2017-07-03T10:00:59","date_gmt":"2017-07-03T13:00:59","guid":{"rendered":"http:\/\/actualidadadiario.com\/site\/?p=13958"},"modified":"2017-07-03T10:00:59","modified_gmt":"2017-07-03T13:00:59","slug":"desde-que-gobierna-macri-sus-politicas-fundieron-a-mas-de-3-000-pymes","status":"publish","type":"post","link":"https:\/\/www.actualidadadiario.com\/index.php\/2017\/07\/03\/desde-que-gobierna-macri-sus-politicas-fundieron-a-mas-de-3-000-pymes\/","title":{"rendered":"&#8220;Desde que gobierna Macri, sus pol\u00edticas fundieron a m\u00e1s de 3.000 pymes&#8221;"},"content":{"rendered":"<p><em><strong>El precandidato a Senador por el espacio Cumplir, confront\u00f3 con el Presidente por la grave situaci\u00f3n econ\u00f3mica que atraviesan las Pymes. &#8220;Desde que gobierna Macri sus pol\u00edticas fundieron a m\u00e1s de 3 mil pymes&#8221;, public\u00f3 en su cuenta de Facebook<\/strong><\/em><\/p>\n<p>&nbsp;<\/p>\n<p>&nbsp;<\/p>\n<p>&nbsp;<\/p>\n<p>Florencio Randazzo volvi\u00f3 al ruedo luego de un largo silencio. Ahora, el precandidato por el espacio Cumplir comenz\u00f3 la campa\u00f1a con todo. Este domingo cruz\u00f3 fuerte al Presidente de la naci\u00f3n, Mauricio Macri por la cr\u00edtica situaci\u00f3n econ\u00f3mica de las Pymes. A trav\u00e9s de su cuenta oficial de Facebook dijo que el mandatario &#8220;miente&#8221;.<\/p>\n<p>&nbsp;<\/p>\n<p>&#8220;(Mauricio) Macri intenta hacerle creer a los argentinos que las pymes cierran como consecuencia de los juicios laborales. Y eso es mentira&#8221;, destac\u00f3 el ex ministro de Transporte e interior de la Naci\u00f3n.<\/p>\n<p>&nbsp;<\/p>\n<p>Luego ampli\u00f3 y sostuvo que el gran problema se origin\u00f3 por la falta de consumo y especialmente por la apertura de las importaciones. &#8220;El cierre de pymes en todo el pa\u00eds est\u00e1 vinculado con la ca\u00edda del consumo, la brutal suba de tarifas y la apertura de importaciones. Desde que gobierna Macri sus pol\u00edticas fundieron a m\u00e1s de 3 mil pymes. Y van 17 meses de ca\u00edda consecutiva en su producci\u00f3n&#8221;, a\u00f1adi\u00f3.<\/p>\n<p>&nbsp;<\/p>\n<p>&#8220;Uno de los sectores m\u00e1s afectados es el del calzado y marroquiner\u00eda, cuya actividad cay\u00f3 el 15,5% s\u00f3lo en abril \u00faltimo. Es necesario #Cumplir con las pymes. Con menos carga impositiva, mayor protecci\u00f3n de la producci\u00f3n nacional y fomentando el mercado interno&#8221;, agreg\u00f3 el precandidato que competir\u00e1 en las PASO del 13 de agosto.<\/p>\n<p>&nbsp;<\/p>\n<p>Randazzo se refiri\u00f3 a la carta que public\u00f3 Macri en el diario de C\u00f3rdoba El Puintal donde afirm\u00f3 que &#8220;una pyme que cierra sus puertas no vuelve a abrir m\u00e1s, y los empleados pierden su trabajo. A partir de estas mafias, colapsan los fueros de la Justicia Laboral y los trabajadores que realmente necesitan una respuesta deben esperar un juicio de entre tres y cinco a\u00f1os&#8221;.<\/p>\n","protected":false},"excerpt":{"rendered":"<p>El precandidato a Senador por el espacio Cumplir, confront\u00f3 con el Presidente por la grave situaci\u00f3n econ\u00f3mica que atraviesan las Pymes. &#8220;Desde que gobierna Macri sus pol\u00edticas fundieron a m\u00e1s de 3 mil pymes&#8221;, public\u00f3 en su cuenta de Facebook &nbsp; &nbsp; &nbsp; Florencio Randazzo volvi\u00f3 al ruedo luego de un largo silencio. Ahora, el precandidato por el espacio Cumplir comenz\u00f3 la campa\u00f1a con todo. Este domingo cruz\u00f3 fuerte al Presidente de la naci\u00f3n, Mauricio Macri por la cr\u00edtica situaci\u00f3n econ\u00f3mica de las Pymes. A trav\u00e9s de su cuenta oficial&#8230;<\/p>\n","protected":false},"author":3,"featured_media":13959,"comment_status":"closed","ping_status":"closed","sticky":false,"template":"","format":"standard","meta":[],"categories":[18],"tags":[],"_links":{"self":[{"href":"https:\/\/www.actualidadadiario.com\/index.php\/wp-json\/wp\/v2\/posts\/13958"}],"collection":[{"href":"https:\/\/www.actualidadadiario.com\/index.php\/wp-json\/wp\/v2\/posts"}],"about":[{"href":"https:\/\/www.actualidadadiario.com\/index.php\/wp-json\/wp\/v2\/types\/post"}],"author":[{"embeddable":true,"href":"https:\/\/www.actualidadadiario.com\/index.php\/wp-json\/wp\/v2\/users\/3"}],"replies":[{"embeddable":true,"href":"https:\/\/www.actualidadadiario.com\/index.php\/wp-json\/wp\/v2\/comments?post=13958"}],"version-history":[{"count":1,"href":"https:\/\/www.actualidadadiario.com\/index.php\/wp-json\/wp\/v2\/posts\/13958\/revisions"}],"predecessor-version":[{"id":13960,"href":"https:\/\/www.actualidadadiario.com\/index.php\/wp-json\/wp\/v2\/posts\/13958\/revisions\/13960"}],"wp:featuredmedia":[{"embeddable":true,"href":"https:\/\/www.actualidadadiario.com\/index.php\/wp-json\/wp\/v2\/media\/13959"}],"wp:attachment":[{"href":"https:\/\/www.actualidadadiario.com\/index.php\/wp-json\/wp\/v2\/media?parent=13958"}],"wp:term":[{"taxonomy":"category","embeddable":true,"href":"https:\/\/www.actualidadadiario.com\/index.php\/wp-json\/wp\/v2\/categories?post=13958"},{"taxonomy":"post_tag","embeddable":true,"href":"https:\/\/www.actualidadadiario.com\/index.php\/wp-json\/wp\/v2\/tags?post=13958"}],"curies":[{"name":"wp","href":"https:\/\/api.w.org\/{rel}","templated":true}]}}