{"id":13955,"date":"2017-07-03T10:00:15","date_gmt":"2017-07-03T13:00:15","guid":{"rendered":"http:\/\/actualidadadiario.com\/site\/?p=13955"},"modified":"2017-07-03T10:00:15","modified_gmt":"2017-07-03T13:00:15","slug":"macri-apunto-de-nuevo-contra-la-mafia-de-los-juicios-laborales","status":"publish","type":"post","link":"https:\/\/www.actualidadadiario.com\/index.php\/2017\/07\/03\/macri-apunto-de-nuevo-contra-la-mafia-de-los-juicios-laborales\/","title":{"rendered":"Macri apunt\u00f3 de nuevo contra la &#8220;mafia&#8221; de los juicios laborales"},"content":{"rendered":"<p><em><strong>En una nota de opini\u00f3n, que titula &#8220;Con la suma de lo que hace cada uno, crecemos todos&#8221;, el presidente Mauricio Macri volvi\u00f3 a cargar contra la &#8220;mafia&#8221; de los juicios laborales<\/strong><\/em><\/p>\n<p>&nbsp;<\/p>\n<p>&nbsp;<\/p>\n<p>&nbsp;<\/p>\n<p>&nbsp;<\/p>\n<p>El primer mandatario asegur\u00f3 que el Gobierno ayuda a las pymes y que por ello se han impulsado medidas como la de &#8220;combatir la mafia de los juicios laborales, que tanto da\u00f1o les hacen a las peque\u00f1as empresas y a sus trabajadores&#8221;.<\/p>\n<p>&nbsp;<\/p>\n<p>&#8220;Porque una pyme que cierra sus puertas no vuelve a abrir m\u00e1s, y los empleados pierden su trabajo. Adem\u00e1s, a partir de estas mafias, colapsan los fueros de la Justicia Laboral, y los trabajadores que realmente necesitan una respuesta deben esperar un juicio de entre tres y cinco a\u00f1os&#8221;, dijo el Presidente en una columna publicada en el diario Puntal, de C\u00f3rdoba.<\/p>\n<p>&nbsp;<\/p>\n<p>&#8220;Una pyme que cierra sus puertas no vuelve a abrir m\u00e1s, y los empleados pierden su trabajo&#8221;, argument\u00f3 Macri.<\/p>\n<p>&nbsp;<\/p>\n<p>El primer mandatario tambi\u00e9n sostuvo que en su gabinete &#8220;sabemos que para que cada vez haya menos pobreza en el pa\u00eds no hay recetas m\u00e1gicas: lo m\u00e1s importante es generar trabajo de calidad, ese que te hace sentir orgulloso porque sab\u00e9s que con tu participaci\u00f3n est\u00e1s haciendo un aporte&#8221;.<\/p>\n","protected":false},"excerpt":{"rendered":"<p>En una nota de opini\u00f3n, que titula &#8220;Con la suma de lo que hace cada uno, crecemos todos&#8221;, el presidente Mauricio Macri volvi\u00f3 a cargar contra la &#8220;mafia&#8221; de los juicios laborales &nbsp; &nbsp; &nbsp; &nbsp; El primer mandatario asegur\u00f3 que el Gobierno ayuda a las pymes y que por ello se han impulsado medidas como la de &#8220;combatir la mafia de los juicios laborales, que tanto da\u00f1o les hacen a las peque\u00f1as empresas y a sus trabajadores&#8221;. &nbsp; &#8220;Porque una pyme que cierra sus puertas no vuelve a abrir&#8230;<\/p>\n","protected":false},"author":3,"featured_media":13956,"comment_status":"closed","ping_status":"closed","sticky":false,"template":"","format":"standard","meta":[],"categories":[18],"tags":[],"_links":{"self":[{"href":"https:\/\/www.actualidadadiario.com\/index.php\/wp-json\/wp\/v2\/posts\/13955"}],"collection":[{"href":"https:\/\/www.actualidadadiario.com\/index.php\/wp-json\/wp\/v2\/posts"}],"about":[{"href":"https:\/\/www.actualidadadiario.com\/index.php\/wp-json\/wp\/v2\/types\/post"}],"author":[{"embeddable":true,"href":"https:\/\/www.actualidadadiario.com\/index.php\/wp-json\/wp\/v2\/users\/3"}],"replies":[{"embeddable":true,"href":"https:\/\/www.actualidadadiario.com\/index.php\/wp-json\/wp\/v2\/comments?post=13955"}],"version-history":[{"count":1,"href":"https:\/\/www.actualidadadiario.com\/index.php\/wp-json\/wp\/v2\/posts\/13955\/revisions"}],"predecessor-version":[{"id":13957,"href":"https:\/\/www.actualidadadiario.com\/index.php\/wp-json\/wp\/v2\/posts\/13955\/revisions\/13957"}],"wp:featuredmedia":[{"embeddable":true,"href":"https:\/\/www.actualidadadiario.com\/index.php\/wp-json\/wp\/v2\/media\/13956"}],"wp:attachment":[{"href":"https:\/\/www.actualidadadiario.com\/index.php\/wp-json\/wp\/v2\/media?parent=13955"}],"wp:term":[{"taxonomy":"category","embeddable":true,"href":"https:\/\/www.actualidadadiario.com\/index.php\/wp-json\/wp\/v2\/categories?post=13955"},{"taxonomy":"post_tag","embeddable":true,"href":"https:\/\/www.actualidadadiario.com\/index.php\/wp-json\/wp\/v2\/tags?post=13955"}],"curies":[{"name":"wp","href":"https:\/\/api.w.org\/{rel}","templated":true}]}}