{"id":13952,"date":"2017-07-03T09:59:27","date_gmt":"2017-07-03T12:59:27","guid":{"rendered":"http:\/\/actualidadadiario.com\/site\/?p=13952"},"modified":"2017-07-03T09:59:27","modified_gmt":"2017-07-03T12:59:27","slug":"lanzan-la-campana-internacional-por-la-libertad-de-milagro-sala","status":"publish","type":"post","link":"https:\/\/www.actualidadadiario.com\/index.php\/2017\/07\/03\/lanzan-la-campana-internacional-por-la-libertad-de-milagro-sala\/","title":{"rendered":"Lanzan la &#8216;Campa\u00f1a Internacional por la Libertad de Milagro Sala&#8217;"},"content":{"rendered":"<p><em><strong>Este lunes por la ma\u00f1ana se realizar\u00e1 una conferencia de prensa frente a la Corte Suprema, en donde se anunciar\u00e1 el lanzamiento de la campa\u00f1a, junto a una serie de actividades que se desarrollar\u00e1n durante toda la semana<\/strong><\/em><\/p>\n<p>&nbsp;<\/p>\n<p>&nbsp;<\/p>\n<p>&nbsp;<\/p>\n<p>En una conferencia de prensa frente a la Corte Suprema de Justicia, el Comit\u00e9 por la Liberaci\u00f3n de Milagro Sala anunciar\u00e1 este lunes el lanzamiento de la Campa\u00f1a Internacional por la Libertad de Milagro Sala.<\/p>\n<p>&nbsp;<\/p>\n<p>Se espera que cerca de las 11 de la ma\u00f1ana se produzca el anuncio, que tambi\u00e9n incluir\u00e1 una serie de actividades que se desarrollar\u00e1n frente a Tribunales durante toda la semana para exigir el tratamiento del M\u00e1ximo Tribunal.<\/p>\n<p>&nbsp;<\/p>\n<p>Durante la conferencia de prensa, junto a los integrantes del Comit\u00e9, estar\u00e1n presentes organismos de Derechos Humanos, dirigentes sociales, pol\u00edticos y gremiales.<\/p>\n<p>&nbsp;<\/p>\n<p>Adem\u00e1s de utilizar en las redes los hashtag #LiberenAMilagro y #FreeMilagroNow, en ese horario se habilitar\u00e1 el sitio web liberenamilagro.org, donde se encuentra la petici\u00f3n que ya firmaron la ex presidenta de Brasil, Dilma Rousseff; el juez espa\u00f1ol Baltasar Garz\u00f3n; Estela de Carlotto, titular de Abuelas de Plaza de Mayo; y Hugo Yasky, secretario general de la CTA, entre otros.<\/p>\n<p>&nbsp;<\/p>\n<p>El pedido se har\u00e1 en simult\u00e1neo al inicio del per\u00edodo de Sesiones Extraordinarias de la Comisi\u00f3n Interamericana de Derechos Humanos (CIDH) en Lima, donde podr\u00eda ser tratada la detenci\u00f3n arbitraria de la l\u00edder de la T\u00fapac Amaru, seg\u00fan anticip\u00f3 el comisionado Francisco Eguiguren.<\/p>\n<p>&nbsp;<\/p>\n<p>Mientras la dirigente contin\u00faa privada de su libertad, el pasado 18 de mayo, el Grupo de Trabajo sobre Detenciones Arbitrarias de Naciones Unidas ratific\u00f3 la Opini\u00f3n 31 emitida en octubre de 2016, que considera que Milagro es una presa pol\u00edtica y debe ser liberada de inmediato, una resoluci\u00f3n que debe ser cumplida por el Gobierno argentino.<\/p>\n<p>&nbsp;<\/p>\n<p>De esta manera, la Corte Suprema tiene que resolver sobre dos recursos extraordinarios que tiene en su poder: uno sobre la inmunidad parlamentaria de Sala como integrante del Parlasur y otro que afirma que su detenci\u00f3n fue arbitraria y que no hay fundamentos para mantenerla bajo arresto mientras duren los procesos en su contra.<\/p>\n","protected":false},"excerpt":{"rendered":"<p>Este lunes por la ma\u00f1ana se realizar\u00e1 una conferencia de prensa frente a la Corte Suprema, en donde se anunciar\u00e1 el lanzamiento de la campa\u00f1a, junto a una serie de actividades que se desarrollar\u00e1n durante toda la semana &nbsp; &nbsp; &nbsp; En una conferencia de prensa frente a la Corte Suprema de Justicia, el Comit\u00e9 por la Liberaci\u00f3n de Milagro Sala anunciar\u00e1 este lunes el lanzamiento de la Campa\u00f1a Internacional por la Libertad de Milagro Sala. &nbsp; Se espera que cerca de las 11 de la ma\u00f1ana se produzca el&#8230;<\/p>\n","protected":false},"author":3,"featured_media":13953,"comment_status":"closed","ping_status":"closed","sticky":false,"template":"","format":"standard","meta":[],"categories":[18],"tags":[],"_links":{"self":[{"href":"https:\/\/www.actualidadadiario.com\/index.php\/wp-json\/wp\/v2\/posts\/13952"}],"collection":[{"href":"https:\/\/www.actualidadadiario.com\/index.php\/wp-json\/wp\/v2\/posts"}],"about":[{"href":"https:\/\/www.actualidadadiario.com\/index.php\/wp-json\/wp\/v2\/types\/post"}],"author":[{"embeddable":true,"href":"https:\/\/www.actualidadadiario.com\/index.php\/wp-json\/wp\/v2\/users\/3"}],"replies":[{"embeddable":true,"href":"https:\/\/www.actualidadadiario.com\/index.php\/wp-json\/wp\/v2\/comments?post=13952"}],"version-history":[{"count":1,"href":"https:\/\/www.actualidadadiario.com\/index.php\/wp-json\/wp\/v2\/posts\/13952\/revisions"}],"predecessor-version":[{"id":13954,"href":"https:\/\/www.actualidadadiario.com\/index.php\/wp-json\/wp\/v2\/posts\/13952\/revisions\/13954"}],"wp:featuredmedia":[{"embeddable":true,"href":"https:\/\/www.actualidadadiario.com\/index.php\/wp-json\/wp\/v2\/media\/13953"}],"wp:attachment":[{"href":"https:\/\/www.actualidadadiario.com\/index.php\/wp-json\/wp\/v2\/media?parent=13952"}],"wp:term":[{"taxonomy":"category","embeddable":true,"href":"https:\/\/www.actualidadadiario.com\/index.php\/wp-json\/wp\/v2\/categories?post=13952"},{"taxonomy":"post_tag","embeddable":true,"href":"https:\/\/www.actualidadadiario.com\/index.php\/wp-json\/wp\/v2\/tags?post=13952"}],"curies":[{"name":"wp","href":"https:\/\/api.w.org\/{rel}","templated":true}]}}