{"id":13949,"date":"2017-07-03T09:58:33","date_gmt":"2017-07-03T12:58:33","guid":{"rendered":"http:\/\/actualidadadiario.com\/site\/?p=13949"},"modified":"2017-07-03T09:58:33","modified_gmt":"2017-07-03T12:58:33","slug":"para-analista-la-fusion-de-cablevision-y-telecom-marca-una-concentracion-extrema","status":"publish","type":"post","link":"https:\/\/www.actualidadadiario.com\/index.php\/2017\/07\/03\/para-analista-la-fusion-de-cablevision-y-telecom-marca-una-concentracion-extrema\/","title":{"rendered":"Para analista, la fusi\u00f3n de Cablevisi\u00f3n y Telecom marca una &#8220;concentraci\u00f3n extrema&#8221;"},"content":{"rendered":"<p><em><strong>La pol\u00e9mica fusi\u00f3n entre Cablevisi\u00f3n y Telecom posibilitar\u00e1 una &#8220;concentraci\u00f3n extrema&#8221;, advirti\u00f3 el doctor en ciencias de la informaci\u00f3n, Mart\u00edn Becerra<\/strong><\/em><\/p>\n<p>&nbsp;<\/p>\n<p>&nbsp;<\/p>\n<p>&nbsp;<\/p>\n<p>&nbsp;<\/p>\n<p>Para el investigador del Conicet, el episodio marca &#8220;un hito en la concentraci\u00f3n de los mercados de informaci\u00f3n y comunicaci\u00f3n de la Argentina&#8221;.<\/p>\n<p>&nbsp;<\/p>\n<p>El especialista opin\u00f3 que el anuncio representa adem\u00e1s el &#8220;mayor fracaso&#8221; de &#8220;la pr\u00e9dica del Gobierno de que con sus decretos en comunicaciones lograr\u00eda mayor competencia&#8221;.<\/p>\n<p>&nbsp;<\/p>\n<p>La fusi\u00f3n ya es casi un hecho. Por estas horas, s\u00f3lo resta aguardar un acuerdo final para sellar el acuerdo que modificar\u00e1 por completo el mercado de las telecomunicaciones nacional. Luego, la aprobaci\u00f3n final deber\u00e1 ser refrendada por los directorios de ambas empresas y deber\u00e1 contar con el visto bueno de varios entes reguladores, entre ellos, el Ente Nacional de Comunicaciones (Enacom).<\/p>\n<p>&nbsp;<\/p>\n<p>Seg\u00fan el an\u00e1lisis de Becerra, de aprobarse, el nuevo conglomerado ser\u00e1 el mayor del pa\u00eds y concentrar\u00e1 el 42% de la telefon\u00eda fija, el 34% de la telefon\u00eda m\u00f3vil, el 56% de las conexiones a Internet por banda ancha fija, el 35% de conectividad m\u00f3vil y el 40% de la TV paga. Estos porcentajes ser\u00edan a\u00fan m\u00e1s elevados en las zonas de mayor poder adquisitivo y concentraci\u00f3n demogr\u00e1fica.<\/p>\n<p>&nbsp;<\/p>\n<p>De acuerdo a informaci\u00f3n del sector, la empresa telef\u00f3nica absorber\u00e1 a la compa\u00f1\u00eda cable operadora y que para ello Telecom deber\u00e1 aumentar su capital social en $ 1.184.528.406. El dinero para esa transacci\u00f3n surgir\u00e1 de la emisi\u00f3n de 1.184.528.406 acciones ordinarias, escriturales.<\/p>\n<p>&nbsp;<\/p>\n<p>Las mismas tendr\u00e1n un valor nominal de $1 valor nominal y un voto por acci\u00f3n, parte de las cuales ser\u00e1n Acciones Clase A y parte una nueva clase de Acciones Clase D. La conformaci\u00f3n de esta fusi\u00f3n permitir\u00e1 brindar el servicio de cu\u00e1druple play, permiti\u00e9ndole combinar telecomunicaciones fijas y m\u00f3viles, distribuci\u00f3n de video e internet.<\/p>\n<p>&nbsp;<\/p>\n<p>En el comunicado enviado a la Bolsa de Comercio, ambas compa\u00f1\u00edas explicaron que buscan &#8220;constituirse en prestador convergente de las telecomunicaciones y participar de la apertura del sector que se inicia, seg\u00fan la regulaci\u00f3n vigente, a partir de enero de 2018&#8221;.<\/p>\n<p>&nbsp;<\/p>\n<p>Seg\u00fan el texto, la fusi\u00f3n &#8220;potenciar\u00e1 la inversi\u00f3n en la infraestructura m\u00e1s moderna de tecnolog\u00edas m\u00f3viles as\u00ed como el despliegue de una red de fibra \u00f3ptica de alta velocidad&#8221;.<\/p>\n<p>&nbsp;<\/p>\n<p>Adem\u00e1s, se\u00f1alaron que &#8220;se constata, tanto en el plano nacional como el internacional, una tendencia a la convergencia tecnol\u00f3gica entre redes y plataformas, para la prestaci\u00f3n de servicios de transmisi\u00f3n de voz, datos, sonido e imagen, tanto fijos como inal\u00e1mbricos, en soluciones integradas a proveer a los clientes los productos de la convergencia&#8221;.<\/p>\n<p>&nbsp;<\/p>\n<p>Vale recordar que este lunes, Enacom autoriz\u00f3 la adquisici\u00f3n que la empresa Sofora, controlada por la firma Fintech, hizo del 15% de acciones que estaban en poder del Grupo Werthein, con lo cual el holding argentino dej\u00f3 de ser accionista de la compa\u00f1\u00eda de telecomunicaciones que pas\u00f3 as\u00ed a controlar el 100% de Telecom Argentina.<\/p>\n<p>&nbsp;<\/p>\n<p>Sofora, junto a Nortel, fueron absorbidas a principios del a\u00f1o pasado por Fintech, del empresario mexicano David Mart\u00ednez. En esa oportunidad, Fintech adquiri\u00f3 el 51% de las acciones ordinarias de Sofora, en manos de Telecom Italia, incrementando su participaci\u00f3n en la empresa al 68% del capital social y votos, en una operaci\u00f3n por US$ 960 millones.<\/p>\n<p>&nbsp;<\/p>\n<p>El restante 32% de Sofora estaba en poder de la familia Werthein, con quien Mart\u00ednez arrib\u00f3 a un acuerdo para comprarle su participaci\u00f3n en dos tandas, la primera del 17%, concretada a fines de mayo \u00faltimo; y la segunda del 15%, realizada hace pocos d\u00edas.<\/p>\n","protected":false},"excerpt":{"rendered":"<p>La pol\u00e9mica fusi\u00f3n entre Cablevisi\u00f3n y Telecom posibilitar\u00e1 una &#8220;concentraci\u00f3n extrema&#8221;, advirti\u00f3 el doctor en ciencias de la informaci\u00f3n, Mart\u00edn Becerra &nbsp; &nbsp; &nbsp; &nbsp; Para el investigador del Conicet, el episodio marca &#8220;un hito en la concentraci\u00f3n de los mercados de informaci\u00f3n y comunicaci\u00f3n de la Argentina&#8221;. &nbsp; El especialista opin\u00f3 que el anuncio representa adem\u00e1s el &#8220;mayor fracaso&#8221; de &#8220;la pr\u00e9dica del Gobierno de que con sus decretos en comunicaciones lograr\u00eda mayor competencia&#8221;. &nbsp; La fusi\u00f3n ya es casi un hecho. Por estas horas, s\u00f3lo resta aguardar un&#8230;<\/p>\n","protected":false},"author":3,"featured_media":13950,"comment_status":"closed","ping_status":"closed","sticky":false,"template":"","format":"standard","meta":[],"categories":[9],"tags":[],"_links":{"self":[{"href":"https:\/\/www.actualidadadiario.com\/index.php\/wp-json\/wp\/v2\/posts\/13949"}],"collection":[{"href":"https:\/\/www.actualidadadiario.com\/index.php\/wp-json\/wp\/v2\/posts"}],"about":[{"href":"https:\/\/www.actualidadadiario.com\/index.php\/wp-json\/wp\/v2\/types\/post"}],"author":[{"embeddable":true,"href":"https:\/\/www.actualidadadiario.com\/index.php\/wp-json\/wp\/v2\/users\/3"}],"replies":[{"embeddable":true,"href":"https:\/\/www.actualidadadiario.com\/index.php\/wp-json\/wp\/v2\/comments?post=13949"}],"version-history":[{"count":1,"href":"https:\/\/www.actualidadadiario.com\/index.php\/wp-json\/wp\/v2\/posts\/13949\/revisions"}],"predecessor-version":[{"id":13951,"href":"https:\/\/www.actualidadadiario.com\/index.php\/wp-json\/wp\/v2\/posts\/13949\/revisions\/13951"}],"wp:featuredmedia":[{"embeddable":true,"href":"https:\/\/www.actualidadadiario.com\/index.php\/wp-json\/wp\/v2\/media\/13950"}],"wp:attachment":[{"href":"https:\/\/www.actualidadadiario.com\/index.php\/wp-json\/wp\/v2\/media?parent=13949"}],"wp:term":[{"taxonomy":"category","embeddable":true,"href":"https:\/\/www.actualidadadiario.com\/index.php\/wp-json\/wp\/v2\/categories?post=13949"},{"taxonomy":"post_tag","embeddable":true,"href":"https:\/\/www.actualidadadiario.com\/index.php\/wp-json\/wp\/v2\/tags?post=13949"}],"curies":[{"name":"wp","href":"https:\/\/api.w.org\/{rel}","templated":true}]}}