{"id":13946,"date":"2017-07-03T09:56:53","date_gmt":"2017-07-03T12:56:53","guid":{"rendered":"http:\/\/actualidadadiario.com\/site\/?p=13946"},"modified":"2017-07-03T09:56:53","modified_gmt":"2017-07-03T12:56:53","slug":"macri-prepara-viaje-a-alemania-para-asistir-a-la-cumbre-del-g20","status":"publish","type":"post","link":"https:\/\/www.actualidadadiario.com\/index.php\/2017\/07\/03\/macri-prepara-viaje-a-alemania-para-asistir-a-la-cumbre-del-g20\/","title":{"rendered":"Macri prepara viaje a Alemania para asistir a la cumbre del G20"},"content":{"rendered":"<p><em><strong>Macri viajar\u00e1 al pa\u00eds europeo en un vuelo de la aerol\u00ednea Lufthansa el mi\u00e9rcoles por la tarde y llegar\u00e1 a Hamburgo al mediod\u00eda del d\u00eda siguiente, tras una breve escala en Frankfurt<\/strong><\/em><\/p>\n<p>&nbsp;<\/p>\n<p>&nbsp;<\/p>\n<p>&nbsp;<\/p>\n<p>El presidente Mauricio Macri arribar\u00e1 el pr\u00f3ximo jueves a la ciudad alemana de Hamburgo, donde participar\u00e1 de la cumbre del G20.<\/p>\n<p>&nbsp;<\/p>\n<p>Seg\u00fan se supo, Macri viajar\u00e1 al pa\u00eds europeo en un vuelo de la aerol\u00ednea Lufthansa el mi\u00e9rcoles por la tarde y llegar\u00e1 a Hamburgo al mediod\u00eda del d\u00eda siguiente, tras una breve escala en Frankfurt.<\/p>\n<p>&nbsp;<\/p>\n<p>La comitiva oficial incluir\u00e1 a la primera dama, Juliana Awada; el jefe de Gabinete, Marcos Pe\u00f1a; el ministro de Hacienda, Nicol\u00e1s Dujovne; el canciller Jorge Faurie; y el secretario de Asuntos Estrat\u00e9gicos, Fulvio Pompeo.<\/p>\n<p>&nbsp;<\/p>\n<p>En tanto, el Jefe de Gabinete del ministerio de Hacienda, Ariel Sigal, llegar\u00e1 a Hamburgo el lunes y al d\u00eda siguiente se reunir\u00e1 con sus pares de Estados Unidos, Alemania y China.<\/p>\n<p>&nbsp;<\/p>\n<p>La agenda que prepararon en la Casa Rosada incluye audiencias bilaterales con el presidente de Francia, Emmanuel Macron, y el primer ministro de Singapur, Lee Hsien Loong.<\/p>\n","protected":false},"excerpt":{"rendered":"<p>Macri viajar\u00e1 al pa\u00eds europeo en un vuelo de la aerol\u00ednea Lufthansa el mi\u00e9rcoles por la tarde y llegar\u00e1 a Hamburgo al mediod\u00eda del d\u00eda siguiente, tras una breve escala en Frankfurt &nbsp; &nbsp; &nbsp; El presidente Mauricio Macri arribar\u00e1 el pr\u00f3ximo jueves a la ciudad alemana de Hamburgo, donde participar\u00e1 de la cumbre del G20. &nbsp; Seg\u00fan se supo, Macri viajar\u00e1 al pa\u00eds europeo en un vuelo de la aerol\u00ednea Lufthansa el mi\u00e9rcoles por la tarde y llegar\u00e1 a Hamburgo al mediod\u00eda del d\u00eda siguiente, tras una breve escala&#8230;<\/p>\n","protected":false},"author":3,"featured_media":13947,"comment_status":"closed","ping_status":"closed","sticky":false,"template":"","format":"standard","meta":[],"categories":[2],"tags":[],"_links":{"self":[{"href":"https:\/\/www.actualidadadiario.com\/index.php\/wp-json\/wp\/v2\/posts\/13946"}],"collection":[{"href":"https:\/\/www.actualidadadiario.com\/index.php\/wp-json\/wp\/v2\/posts"}],"about":[{"href":"https:\/\/www.actualidadadiario.com\/index.php\/wp-json\/wp\/v2\/types\/post"}],"author":[{"embeddable":true,"href":"https:\/\/www.actualidadadiario.com\/index.php\/wp-json\/wp\/v2\/users\/3"}],"replies":[{"embeddable":true,"href":"https:\/\/www.actualidadadiario.com\/index.php\/wp-json\/wp\/v2\/comments?post=13946"}],"version-history":[{"count":1,"href":"https:\/\/www.actualidadadiario.com\/index.php\/wp-json\/wp\/v2\/posts\/13946\/revisions"}],"predecessor-version":[{"id":13948,"href":"https:\/\/www.actualidadadiario.com\/index.php\/wp-json\/wp\/v2\/posts\/13946\/revisions\/13948"}],"wp:featuredmedia":[{"embeddable":true,"href":"https:\/\/www.actualidadadiario.com\/index.php\/wp-json\/wp\/v2\/media\/13947"}],"wp:attachment":[{"href":"https:\/\/www.actualidadadiario.com\/index.php\/wp-json\/wp\/v2\/media?parent=13946"}],"wp:term":[{"taxonomy":"category","embeddable":true,"href":"https:\/\/www.actualidadadiario.com\/index.php\/wp-json\/wp\/v2\/categories?post=13946"},{"taxonomy":"post_tag","embeddable":true,"href":"https:\/\/www.actualidadadiario.com\/index.php\/wp-json\/wp\/v2\/tags?post=13946"}],"curies":[{"name":"wp","href":"https:\/\/api.w.org\/{rel}","templated":true}]}}