{"id":13937,"date":"2017-07-03T09:54:23","date_gmt":"2017-07-03T12:54:23","guid":{"rendered":"http:\/\/actualidadadiario.com\/site\/?p=13937"},"modified":"2017-07-03T09:54:23","modified_gmt":"2017-07-03T12:54:23","slug":"consultoras-ya-corrigen-hacia-arriba-la-inflacion-para-2017","status":"publish","type":"post","link":"https:\/\/www.actualidadadiario.com\/index.php\/2017\/07\/03\/consultoras-ya-corrigen-hacia-arriba-la-inflacion-para-2017\/","title":{"rendered":"Consultoras ya corrigen hacia arriba la inflaci\u00f3n para 2017"},"content":{"rendered":"<p><em><strong>Estiman que el \u00edndice \u201cn\u00facleo\u201d no quebrar\u00e1 el piso de 1,5% mensual. Y que la suba del IPC ser\u00eda del 22% este a\u00f1o<\/strong><\/em><\/p>\n<p>&nbsp;<\/p>\n<p>&nbsp;<\/p>\n<p>&nbsp;<\/p>\n<p>El optimismo que empezaba a mostrar el Gobierno sobre la ca\u00edda de la inflaci\u00f3n empez\u00f3 a moderarse con las \u00faltimas mediciones privadas. Las consultoras recalcularon sus proyecciones para 2017 luego de estimar que, para julio, el \u00edndice de precios oficial no confirmar\u00e1 una desaceleraci\u00f3n, como preve\u00edan, sino que se ubicar\u00e1 entre el 1,5% y el 2%. Las subas en el precio de la nafta, en las expensas, en las prepagas, y los vinculados a las vacaciones de invierno, los forzaron a afinar sus pron\u00f3sticos.<\/p>\n<p>&nbsp;<\/p>\n<p>&#8220;Veo que la inflaci\u00f3n no cedi\u00f3, y que no van a pegar el apret\u00f3n monetario con la fuerza necesaria&#8221;, se lament\u00f3 ayer el economista de Econom\u00eda &amp; Regiones, Diego Giaccomini. En su estudio debieron corregir levemente sus n\u00fameros: hasta hace s\u00f3lo un mes consideraban alcanzable la meta del 17% que se hab\u00eda fijado Federico Sturzenegger; pero, ahora, creen m\u00e1s probable que se ubique en el 19-20% a lo largo del a\u00f1o.<\/p>\n<p>&nbsp;<\/p>\n<p>Tambi\u00e9n en Elypsis, la consultora de Eduardo Levy Yeyati, analizan corregir la proyecci\u00f3n. Estiman que es probable que el indicador repunte al 1,9% en julio y que, hacia fin de a\u00f1o, el IPC pueda haber subido cerca del 22%. Y en Ferreres &amp; Asociados ya aumentaron marginalmente, en unas d\u00e9cimas, la suba de precios anual. En julio podr\u00eda ser, dicen, de entre 1,5% y 1,7%, con lo que el acumulado en los doce meses de 2017 se aproximar\u00eda al 20%. Con todo, vale aclarar, estas correcciones son recientes y no quedaron incluidas en la encuesta sobre &#8220;expectativas del mercado&#8221; que publicar\u00e1 ma\u00f1ana el Banco Central (el REM).<\/p>\n<p>&nbsp;<\/p>\n<p>Las nuevas proyecciones forzaron a Sturzenegger a mirar otra vez la cantidad de dinero en la econom\u00eda. Este &#8220;agregado&#8221;, que hoy ya crece por encima del 30% anual, se convirti\u00f3 \u00faltimamente en una meta &#8220;informal&#8221; que tambi\u00e9n sigue de cerca el comit\u00e9 de pol\u00edtica monetaria del Banco Central.<\/p>\n<p>&nbsp;<\/p>\n<p>Se sabe que el esquema que implement\u00f3 esta gesti\u00f3n trabaja con un solo instrumento, que es la tasa de inter\u00e9s. Pero tanto el presidente del BCRA como su gerente general, Mariano Flores Vidal, prefieren revisar de vez en cuando administrar los agregados monetarios. &#8220;Algo va a haber que hacer&#8221;, se le escuch\u00f3 decir a Sturzenegger a su gente de confianza en los \u00faltimos d\u00edas.<\/p>\n<p>&nbsp;<\/p>\n<p>Al banquero le preocupa que, a pesar de haber fijado la tasa de inter\u00e9s de referencia en el 26,5%, la tendencia de los precios (la &#8220;inflaci\u00f3n n\u00facleo&#8221;) no logre quebrar el piso de 1,5% mensual.<\/p>\n<p>&nbsp;<\/p>\n<p>La emisi\u00f3n de pesos volvi\u00f3 a ser un problema en junio. Y al BCRA le cuesta, cada vez m\u00e1s, absorber pesos de la econom\u00eda. Las tasas que paga por retirar dinero de la econom\u00eda, con LEBAC de entre 2 y 9 meses, aumentaron m\u00e1s de 2 puntos porcentuales. Y la \u00faltima licitaci\u00f3n dej\u00f3 en este sentido una se\u00f1al adicional: la mesa de dinero decidi\u00f3 adjudicar en junio el 100% del total de las ofertas y, a\u00fan s\u00ed, dejar afuera m\u00e1s de $100.000 millones (que luego fueron a pases). Un indicio de que, aun siendo generoso, el Central debe aceptar ahora las peores propuestas que le acerca el mercado.<\/p>\n","protected":false},"excerpt":{"rendered":"<p>Estiman que el \u00edndice \u201cn\u00facleo\u201d no quebrar\u00e1 el piso de 1,5% mensual. Y que la suba del IPC ser\u00eda del 22% este a\u00f1o &nbsp; &nbsp; &nbsp; El optimismo que empezaba a mostrar el Gobierno sobre la ca\u00edda de la inflaci\u00f3n empez\u00f3 a moderarse con las \u00faltimas mediciones privadas. Las consultoras recalcularon sus proyecciones para 2017 luego de estimar que, para julio, el \u00edndice de precios oficial no confirmar\u00e1 una desaceleraci\u00f3n, como preve\u00edan, sino que se ubicar\u00e1 entre el 1,5% y el 2%. Las subas en el precio de la nafta,&#8230;<\/p>\n","protected":false},"author":3,"featured_media":13938,"comment_status":"closed","ping_status":"closed","sticky":false,"template":"","format":"standard","meta":[],"categories":[2],"tags":[],"_links":{"self":[{"href":"https:\/\/www.actualidadadiario.com\/index.php\/wp-json\/wp\/v2\/posts\/13937"}],"collection":[{"href":"https:\/\/www.actualidadadiario.com\/index.php\/wp-json\/wp\/v2\/posts"}],"about":[{"href":"https:\/\/www.actualidadadiario.com\/index.php\/wp-json\/wp\/v2\/types\/post"}],"author":[{"embeddable":true,"href":"https:\/\/www.actualidadadiario.com\/index.php\/wp-json\/wp\/v2\/users\/3"}],"replies":[{"embeddable":true,"href":"https:\/\/www.actualidadadiario.com\/index.php\/wp-json\/wp\/v2\/comments?post=13937"}],"version-history":[{"count":1,"href":"https:\/\/www.actualidadadiario.com\/index.php\/wp-json\/wp\/v2\/posts\/13937\/revisions"}],"predecessor-version":[{"id":13939,"href":"https:\/\/www.actualidadadiario.com\/index.php\/wp-json\/wp\/v2\/posts\/13937\/revisions\/13939"}],"wp:featuredmedia":[{"embeddable":true,"href":"https:\/\/www.actualidadadiario.com\/index.php\/wp-json\/wp\/v2\/media\/13938"}],"wp:attachment":[{"href":"https:\/\/www.actualidadadiario.com\/index.php\/wp-json\/wp\/v2\/media?parent=13937"}],"wp:term":[{"taxonomy":"category","embeddable":true,"href":"https:\/\/www.actualidadadiario.com\/index.php\/wp-json\/wp\/v2\/categories?post=13937"},{"taxonomy":"post_tag","embeddable":true,"href":"https:\/\/www.actualidadadiario.com\/index.php\/wp-json\/wp\/v2\/tags?post=13937"}],"curies":[{"name":"wp","href":"https:\/\/api.w.org\/{rel}","templated":true}]}}