{"id":13931,"date":"2017-07-03T09:52:41","date_gmt":"2017-07-03T12:52:41","guid":{"rendered":"http:\/\/actualidadadiario.com\/site\/?p=13931"},"modified":"2017-07-03T09:52:41","modified_gmt":"2017-07-03T12:52:41","slug":"las-ventas-minoristas-cayeron-14-por-ciento-en-junio","status":"publish","type":"post","link":"https:\/\/www.actualidadadiario.com\/index.php\/2017\/07\/03\/las-ventas-minoristas-cayeron-14-por-ciento-en-junio\/","title":{"rendered":"Las ventas minoristas cayeron 1,4 por ciento en junio"},"content":{"rendered":"<p><em><strong>De acuerdo con el estadio de la CAME, con el derrumbe de junio, la baja en las ventas en el primer semestre del a\u00f1o ya alcanza el 3 por ciento. Los rubros donde m\u00e1s se sinti\u00f3 la ca\u00edda fueron \u201cCalzados\u201d, \u201cTextil Blanco\u201d y \u201cNeum\u00e1ticos&#8221;<\/strong><\/em><\/p>\n<p>&nbsp;<\/p>\n<p>&nbsp;<\/p>\n<p>&nbsp;<\/p>\n<p>En sinton\u00eda con la ca\u00edda de la econom\u00eda, las ventas minoristas volvieron a derrumbarse en junio: fue una baja del 1,4 por ciento respecto a igual mes del a\u00f1o pasado, de acuerdo con los datos de la Confederaci\u00f3n Argentina de la Mediana Empresa (CAME).<\/p>\n<p>&nbsp;<\/p>\n<p>La entidad sostuvo que los comercios pymes \u201cperdieron en manos de las grandes cadenas de supermercados que lanzaron estrategias atractivas\u201d, a la vez que indic\u00f3 que las ventas crecieron en comparaci\u00f3n con mayo.<\/p>\n<p>&nbsp;<\/p>\n<p>\u201cLo productos de consumo masivo se movieron mejor y los negocios lanzaron numerosas promociones y facilidades de pagos que mejoraron el comercio\u201d, destac\u00f3 el presidente de CAME, Fabi\u00e1n Tarr\u00edo.<\/p>\n<p>&nbsp;<\/p>\n<p>Con el derrumbe de junio la ca\u00edda anual es de 3 por ciento para el primer semestre del a\u00f1o. Seg\u00fan el sondeo, las bajas anuales m\u00e1s marcadas se registraron en \u2018Calzados\u2019, con 3 por ciento; \u2018Textil Blanco\u2019, con 3,3 por ciento; y \u2018Neum\u00e1ticos\u2019, con 3,8 por ciento; mientras en el segmento de \u2018Alimentos y bebidas\u2019, las ventas descendieron 0,3 por ciento.<\/p>\n<p>&nbsp;<\/p>\n<p>&#8220;El efecto aguinaldo se sinti\u00f3 en la segunda quincena y tambi\u00e9n el D\u00eda del Padre ayud\u00f3 a empujar las ventas en determinados rubros&#8221;, analiz\u00f3 la CAME, la cual apunt\u00f3 que en la modalidad \u2018online\u2019 las ventas aumentaron 3,2 por ciento frente a junio del a\u00f1o pasado.<\/p>\n","protected":false},"excerpt":{"rendered":"<p>De acuerdo con el estadio de la CAME, con el derrumbe de junio, la baja en las ventas en el primer semestre del a\u00f1o ya alcanza el 3 por ciento. Los rubros donde m\u00e1s se sinti\u00f3 la ca\u00edda fueron \u201cCalzados\u201d, \u201cTextil Blanco\u201d y \u201cNeum\u00e1ticos&#8221; &nbsp; &nbsp; &nbsp; En sinton\u00eda con la ca\u00edda de la econom\u00eda, las ventas minoristas volvieron a derrumbarse en junio: fue una baja del 1,4 por ciento respecto a igual mes del a\u00f1o pasado, de acuerdo con los datos de la Confederaci\u00f3n Argentina de la Mediana Empresa&#8230;<\/p>\n","protected":false},"author":3,"featured_media":13932,"comment_status":"closed","ping_status":"closed","sticky":false,"template":"","format":"standard","meta":[],"categories":[9,2],"tags":[],"_links":{"self":[{"href":"https:\/\/www.actualidadadiario.com\/index.php\/wp-json\/wp\/v2\/posts\/13931"}],"collection":[{"href":"https:\/\/www.actualidadadiario.com\/index.php\/wp-json\/wp\/v2\/posts"}],"about":[{"href":"https:\/\/www.actualidadadiario.com\/index.php\/wp-json\/wp\/v2\/types\/post"}],"author":[{"embeddable":true,"href":"https:\/\/www.actualidadadiario.com\/index.php\/wp-json\/wp\/v2\/users\/3"}],"replies":[{"embeddable":true,"href":"https:\/\/www.actualidadadiario.com\/index.php\/wp-json\/wp\/v2\/comments?post=13931"}],"version-history":[{"count":1,"href":"https:\/\/www.actualidadadiario.com\/index.php\/wp-json\/wp\/v2\/posts\/13931\/revisions"}],"predecessor-version":[{"id":13933,"href":"https:\/\/www.actualidadadiario.com\/index.php\/wp-json\/wp\/v2\/posts\/13931\/revisions\/13933"}],"wp:featuredmedia":[{"embeddable":true,"href":"https:\/\/www.actualidadadiario.com\/index.php\/wp-json\/wp\/v2\/media\/13932"}],"wp:attachment":[{"href":"https:\/\/www.actualidadadiario.com\/index.php\/wp-json\/wp\/v2\/media?parent=13931"}],"wp:term":[{"taxonomy":"category","embeddable":true,"href":"https:\/\/www.actualidadadiario.com\/index.php\/wp-json\/wp\/v2\/categories?post=13931"},{"taxonomy":"post_tag","embeddable":true,"href":"https:\/\/www.actualidadadiario.com\/index.php\/wp-json\/wp\/v2\/tags?post=13931"}],"curies":[{"name":"wp","href":"https:\/\/api.w.org\/{rel}","templated":true}]}}