{"id":13928,"date":"2017-07-03T09:51:25","date_gmt":"2017-07-03T12:51:25","guid":{"rendered":"http:\/\/actualidadadiario.com\/site\/?p=13928"},"modified":"2017-07-03T09:51:25","modified_gmt":"2017-07-03T12:51:25","slug":"causa-de-la-narcoavioneta-incorporan-escucha-a-ex-funcionario","status":"publish","type":"post","link":"https:\/\/www.actualidadadiario.com\/index.php\/2017\/07\/03\/causa-de-la-narcoavioneta-incorporan-escucha-a-ex-funcionario\/","title":{"rendered":"Causa de la narcoavioneta: Incorporan escucha a ex funcionario"},"content":{"rendered":"<p><em><strong>La conversaci\u00f3n entre el abogado Gemelli y el ex director de Medio Ambiente de Municipalidad de Paran\u00e1 fue solicitada por la Justicia Federal &#8220;con car\u00e1cter urgente y preferente despacho&#8221;<\/strong><\/em><\/p>\n<p>&nbsp;<\/p>\n<p>&nbsp;<\/p>\n<p>&nbsp;<\/p>\n<p>El escueto pedido que la Justicia Federal remiti\u00f3 el jueves 29 a la Justicia Ordinaria rez\u00f3: &#8220;L\u00edbrese oficio a la Oficina de Gesti\u00f3n de Audiencias del Superior Tribunal de Justicia, a fin con car\u00e1cter Urgente y Preferente Despacho, se sirvan remitir ad effectum videndi en Legajo N\u00ba 36.775, caratulado: De Oficio S\/ Asociaci\u00f3n il\u00edcita; interesando especialmente copia de la escucha identificada como audio 67 (221529\/19) audio o conversaci\u00f3n entre el doctor Hugo Gemelli y el se\u00f1or Marcelo \u00c1lvarez, ex director de Medio Ambiente de la Municipalidad de Paran\u00e1&#8221;.<\/p>\n<p>&nbsp;<\/p>\n<p>As\u00ed, el expediente en el que se investiga a la supuesta organizaci\u00f3n delictual que encabeza Daniel Celis, alias Tavi, y sus v\u00ednculos con el presunto financiamiento ilegal de la pol\u00edtica con fondos del narcotr\u00e1fico, sum\u00f3 una nueva prueba que ser\u00e1 analizada por la Justicia Federal, en el contexto de la denomina causa Narcoavioneta.<\/p>\n<p>&nbsp;<\/p>\n<p>&nbsp;<\/p>\n<p><strong>Di\u00e1logo comprometedor<\/strong><\/p>\n<p>El audio se conoci\u00f3 en la primera semana de marzo y comenz\u00f3 a circular r\u00e1pidamente por las redes sociales. El tenor de las manifestaciones que all\u00ed se vertieron, en un di\u00e1logo en el que participaban Gemelli y \u00c1lvarez, gener\u00f3 estupor y conmoci\u00f3n en el \u00e1mbito pol\u00edtico de Paran\u00e1, al ponerse de manifiesto los presuntos v\u00ednculos entre Celis y dirigentes de la actual gesti\u00f3n de Cambiemos en la Municipalidad de Paran\u00e1 y el financiamiento de la pol\u00edtica con fondos provenientes del narcotr\u00e1fico.<\/p>\n<p>&nbsp;<\/p>\n<p>As\u00ed, el audio ser\u00eda premonitorio de lo que suceder\u00eda el domingo 28 de mayo a la ma\u00f1ana, cuando en un operativo que se realiz\u00f3 en un campo ubicado en zona rural de Colonia Avellaneda, cuando efectivos de la Polic\u00eda Federal Argentina y de Gendarmer\u00eda Nacional detuvieron a cuatro hombres mayores de edad, cuando trasbordaban drogas desde una avioneta a una camioneta Chevrolet S10.<\/p>\n<p>&nbsp;<\/p>\n<p>Al respecto, fueron contundentes las expresiones que verti\u00f3 la ministra de Seguridad Patricia Bullrich, que precis\u00f3, en los primeros d\u00edas de la causa, en relaci\u00f3n a la avioneta: &#8220;La est\u00e1bamos esperando&#8221;, a\u00f1adiendo que el procedimiento fue &#8220;parte de una investigaci\u00f3n&#8221; en marcha. En este sentido ahond\u00f3 que &#8220;la avioneta est\u00e1 ligada a una banda que el a\u00f1o pasado desactivamos, pero la segu\u00eda operando uno de los jefes desde la c\u00e1rcel&#8221;, explic\u00f3 aludiendo a Celis.<\/p>\n<p>&nbsp;<\/p>\n<p>&nbsp;<\/p>\n<p><strong>Pol\u00e9mica medida judicial<\/strong><\/p>\n<p>De tal magnitud fue el impacto en el ambiente pol\u00edtico que la Justicia Ordinaria se apresur\u00f3 a actuar y el 15 de marzo, el juez de Garant\u00edas N\u00ba 4, Humberto Franchi, a pedido de los fiscales Ignacio Aramberry y Juan Malvasio, emiti\u00f3 una orden prohibiendo &#8220;a los medios masivos de comunicaci\u00f3n de la provincia, procedan a la publicaci\u00f3n del material probatorio referenciado, bajo id\u00e9nticos apercibimientos&#8221;. Adem\u00e1s, Franchi, resolvi\u00f3 &#8220;ordenar a Facebook INC., proceda al bloqueo de la publicaci\u00f3n del usuario &#8216;Limpiemos de Narcos la Municipalidad&#8217;, de fecha 12 de marzo de 2017, posteado a las 8.49 pm, bajo apercibimientos que su omisi\u00f3n podr\u00eda configurar el comportamiento reprimido por el art\u00edculo N\u00ba 239 del C\u00f3digo Penal por lo que podr\u00eda resultar perseguido penalmente&#8221;. Aramberry y Malvasio actuaron &#8220;a requerimiento de la Procuraci\u00f3n General de la Provincia, (para que) inicie actuaciones a fin de investigar distintos il\u00edcitos contemplados en el C\u00f3digo Penal&#8221;.<\/p>\n<p>&nbsp;<\/p>\n<p>&nbsp;<\/p>\n<p><strong>\u00bfNuevo audio?<\/strong><\/p>\n<p>Una nueva escucha que se filtr\u00f3 a la prensa, entre el viernes y el s\u00e1bado \u00faltimos, otra vez vino a sacudir el escenario pol\u00edtico de Paran\u00e1 y la provincia.<\/p>\n<p>&nbsp;<\/p>\n<p>En el audio, presumiblemente, el concejal de Cambiemos, Pablo Hern\u00e1ndez, mantendr\u00eda una conversaci\u00f3n telef\u00f3nica con Daniel Tavi Celis. All\u00ed, alguien que es identificado como &#8220;Daniel&#8221; se adjudica tener un acuerdo pol\u00edtico con el intendente de Paran\u00e1, Sergio Varisco, y se muestra disgustado porque no fue respetado. La otra persona, identificada como &#8220;Pablo&#8221; trata de calmarlo infructuosamente, al punto que &#8220;Daniel&#8221; afirma que no va a cubrir m\u00e1s a Varisco.<\/p>\n<p>&nbsp;<\/p>\n<p>Esta escucha no es parte, a\u00fan, de la prueba que se acumula en la Justicia Federal por la causa Narcoavioneta. El audio s\u00ed integra un legajo que se sustancia en la Justicia Ordinaria por el supuesto delito de Asociaci\u00f3n il\u00edcita y lo inici\u00f3 la fiscal Patricia Yedro, precisaron fuentes judiciales consultadas por El Diario.<\/p>\n<p>&nbsp;<\/p>\n<p>La pregunta que rondaba ayer en allegados a la causa donde se investiga la posible vinculaci\u00f3n de Celis con la c\u00fapula de Cambiemos en Paran\u00e1, consist\u00eda en saber cu\u00e1l ser\u00eda el objetivo de la filtraci\u00f3n de este nuevo audio, que fuera replicado en varios sitios informativos y que circul\u00f3 r\u00e1pidamente por las redes sociales, m\u00e1s all\u00e1 de aportar una nuevo y palmario indicio de una relaci\u00f3n que es cada vez m\u00e1s dif\u00edcil de negar.<\/p>\n<p>&nbsp;<\/p>\n<p>Algunos arriesgan que podr\u00eda tener como m\u00f3vil la configuraci\u00f3n de un escenario donde la responsabilidad de estos hechos no sea ascendente sino que quede limitada a funcionarios municipales de segundo o tercer rango. Habr\u00e1 que ver si esta escucha y otras obrantes en el expediente, son tambi\u00e9n obturadas judicialmente para su difusi\u00f3n en los medios de la ciudad y la provincia, o no y eventualmente qu\u00e9 escenario se prefigura con su difusi\u00f3n.<\/p>\n","protected":false},"excerpt":{"rendered":"<p>La conversaci\u00f3n entre el abogado Gemelli y el ex director de Medio Ambiente de Municipalidad de Paran\u00e1 fue solicitada por la Justicia Federal &#8220;con car\u00e1cter urgente y preferente despacho&#8221; &nbsp; &nbsp; &nbsp; El escueto pedido que la Justicia Federal remiti\u00f3 el jueves 29 a la Justicia Ordinaria rez\u00f3: &#8220;L\u00edbrese oficio a la Oficina de Gesti\u00f3n de Audiencias del Superior Tribunal de Justicia, a fin con car\u00e1cter Urgente y Preferente Despacho, se sirvan remitir ad effectum videndi en Legajo N\u00ba 36.775, caratulado: De Oficio S\/ Asociaci\u00f3n il\u00edcita; interesando especialmente copia de&#8230;<\/p>\n","protected":false},"author":3,"featured_media":13929,"comment_status":"closed","ping_status":"closed","sticky":false,"template":"","format":"standard","meta":[],"categories":[15],"tags":[],"_links":{"self":[{"href":"https:\/\/www.actualidadadiario.com\/index.php\/wp-json\/wp\/v2\/posts\/13928"}],"collection":[{"href":"https:\/\/www.actualidadadiario.com\/index.php\/wp-json\/wp\/v2\/posts"}],"about":[{"href":"https:\/\/www.actualidadadiario.com\/index.php\/wp-json\/wp\/v2\/types\/post"}],"author":[{"embeddable":true,"href":"https:\/\/www.actualidadadiario.com\/index.php\/wp-json\/wp\/v2\/users\/3"}],"replies":[{"embeddable":true,"href":"https:\/\/www.actualidadadiario.com\/index.php\/wp-json\/wp\/v2\/comments?post=13928"}],"version-history":[{"count":1,"href":"https:\/\/www.actualidadadiario.com\/index.php\/wp-json\/wp\/v2\/posts\/13928\/revisions"}],"predecessor-version":[{"id":13930,"href":"https:\/\/www.actualidadadiario.com\/index.php\/wp-json\/wp\/v2\/posts\/13928\/revisions\/13930"}],"wp:featuredmedia":[{"embeddable":true,"href":"https:\/\/www.actualidadadiario.com\/index.php\/wp-json\/wp\/v2\/media\/13929"}],"wp:attachment":[{"href":"https:\/\/www.actualidadadiario.com\/index.php\/wp-json\/wp\/v2\/media?parent=13928"}],"wp:term":[{"taxonomy":"category","embeddable":true,"href":"https:\/\/www.actualidadadiario.com\/index.php\/wp-json\/wp\/v2\/categories?post=13928"},{"taxonomy":"post_tag","embeddable":true,"href":"https:\/\/www.actualidadadiario.com\/index.php\/wp-json\/wp\/v2\/tags?post=13928"}],"curies":[{"name":"wp","href":"https:\/\/api.w.org\/{rel}","templated":true}]}}