{"id":13925,"date":"2017-07-03T09:50:35","date_gmt":"2017-07-03T12:50:35","guid":{"rendered":"http:\/\/actualidadadiario.com\/site\/?p=13925"},"modified":"2017-07-03T09:50:35","modified_gmt":"2017-07-03T12:50:35","slug":"caso-micaela-garcia-cual-sera-la-estrategia-defensiva-del-hijastro-de-wagner","status":"publish","type":"post","link":"https:\/\/www.actualidadadiario.com\/index.php\/2017\/07\/03\/caso-micaela-garcia-cual-sera-la-estrategia-defensiva-del-hijastro-de-wagner\/","title":{"rendered":"Caso Micaela Garc\u00eda: Cu\u00e1l ser\u00e1 la estrategia defensiva del hijastro de Wagner"},"content":{"rendered":"<p><em><strong>Gabriel Otero, hijastro de Sebasti\u00e1n Wagner, est\u00e1 imputado como coautor del crimen. Su abogado, Mat\u00edas Far\u00edas, cree que no hay pruebas suficientes y que fue involucrado por tratarse de una causa importante y p\u00fablica<\/strong><\/em><\/p>\n<p>&nbsp;<\/p>\n<p>&nbsp;<\/p>\n<p>&nbsp;<\/p>\n<p>El abogado Mat\u00edas Far\u00edas tom\u00f3 la defensa de Otero hace poco m\u00e1s de dos meses, cuando el hijastro del principal acusado, Sebasti\u00e1n Wagner, se encontraba con prisi\u00f3n preventiva. Ning\u00fan abogado gualeyo quiso tomar la defensa y a trav\u00e9s de un contacto llegaron a \u00e9l, seg\u00fan revel\u00f3.<\/p>\n<p>&nbsp;<\/p>\n<p>Este abogado de 34 a\u00f1os cree que su cliente es inocente y que solo existe una prueba que lo involucra. Otero no fue detenido en el principio de la causa, pero quince d\u00edas despu\u00e9s de iniciado el proceso un testigo lo reconoci\u00f3 en una rueda de personas y desde ah\u00ed se lo involucr\u00f3 en el hecho. Luego de que le dictaran la prisi\u00f3n preventiva comenz\u00f3 a actuar Far\u00edas.<\/p>\n<p>&nbsp;<\/p>\n<p>&#8220;A Otero no le imputan un encubrimiento, sino la coautor\u00eda, solo hay un testigo que lo ubica en tiempo y espacio en el lugar del hecho&#8221;, manifest\u00f3 Far\u00edas. Pero el nombre del hijastro tambi\u00e9n tuvo su vinculaci\u00f3n con el lavado del veh\u00edculo en donde fue trasladada Micaela Garc\u00eda. Para Far\u00edas esto no es relevante por el hecho de que no se le imput\u00f3 el delito de encubrimiento, a diferencia de N\u00e9stor Pav\u00f3n, que est\u00e1 acusado como coautor y de encubrir a su empleado Wagner.<\/p>\n<p>&nbsp;<\/p>\n<p>Far\u00edas prefiri\u00f3 no adelantar lo que ser\u00e1 su estrategia defensiva en el debate que se desarrollar\u00eda en octubre, pero cont\u00f3 lo que dijo Otero en su indagatoria. &#8220;Habl\u00f3 sobre lo que pas\u00f3, dijo que siempre estuvo a disposici\u00f3n junto a su madre, dijo &#8216;yo s\u00ed lav\u00e9 el auto esa ma\u00f1ana, pero fue porque ese d\u00eda me levant\u00e9 hice algunos mandados, anduve con mi mujer en el auto, y como estaba sucio lo lav\u00e9 y despu\u00e9s me fui a jugar al f\u00fatbol, no ten\u00eda idea lo que hab\u00eda pasado&#8217;. Eso fue lo que relat\u00f3. \u00c9l siempre estuvo a disposici\u00f3n y por eso el Juzgado le otorg\u00f3 el arresto domiciliario. Entendi\u00f3 que siempre hab\u00eda estado dispuesto a colaborar, no perturb\u00f3 la investigaci\u00f3n ni destruy\u00f3 pruebas, ni trat\u00f3 de fugarse&#8221;, detall\u00f3 el defensor.<\/p>\n<p>&nbsp;<\/p>\n<p>Far\u00edas opin\u00f3 que Otero fue involucrado por tratarse de una causa importante y p\u00fablica, porque &#8220;el Fiscal (Ignacio Telenta) no lo hab\u00eda llamado a Otero m\u00e1s que como testigo. La \u00fanica prueba que lo involucra es un testigo que en la rueda de reconocimiento dijo &#8216;me parece que es \u00e9l&#8217;. Es lo \u00fanico que hoy en d\u00eda; lo \u00fanico que lo est\u00e1 atando a la causa, pero bueno, en el debate probaremos su inocencia&#8221;, sentenci\u00f3.<\/p>\n<p>&nbsp;<\/p>\n<p>Far\u00edas cree que &#8220;aunque sea escasa la prueba en contra&#8221;, Telenta mantendr\u00e1 la acusaci\u00f3n en el inicio del juicio, pero asegur\u00f3 que para \u00e9l es importante llegar a debate para que &#8220;se averig\u00fce la verdad&#8221;.<\/p>\n<p>&nbsp;<\/p>\n<p>Otero hoy aguarda en la casa que conviv\u00eda con Sebasti\u00e1n Wagner el inicio del juicio. El jueves se realiz\u00f3 la elevaci\u00f3n y ahora solo resta que el Tribunal de juicios de Gualeguay disponga fecha. Por el momento solo hay especulaciones de cu\u00e1ndo se realizar\u00eda el debate, pero se cree que podr\u00eda ser en octubre.<\/p>\n","protected":false},"excerpt":{"rendered":"<p>Gabriel Otero, hijastro de Sebasti\u00e1n Wagner, est\u00e1 imputado como coautor del crimen. Su abogado, Mat\u00edas Far\u00edas, cree que no hay pruebas suficientes y que fue involucrado por tratarse de una causa importante y p\u00fablica &nbsp; &nbsp; &nbsp; El abogado Mat\u00edas Far\u00edas tom\u00f3 la defensa de Otero hace poco m\u00e1s de dos meses, cuando el hijastro del principal acusado, Sebasti\u00e1n Wagner, se encontraba con prisi\u00f3n preventiva. Ning\u00fan abogado gualeyo quiso tomar la defensa y a trav\u00e9s de un contacto llegaron a \u00e9l, seg\u00fan revel\u00f3. &nbsp; Este abogado de 34 a\u00f1os cree&#8230;<\/p>\n","protected":false},"author":3,"featured_media":13926,"comment_status":"closed","ping_status":"closed","sticky":false,"template":"","format":"standard","meta":[],"categories":[15],"tags":[],"_links":{"self":[{"href":"https:\/\/www.actualidadadiario.com\/index.php\/wp-json\/wp\/v2\/posts\/13925"}],"collection":[{"href":"https:\/\/www.actualidadadiario.com\/index.php\/wp-json\/wp\/v2\/posts"}],"about":[{"href":"https:\/\/www.actualidadadiario.com\/index.php\/wp-json\/wp\/v2\/types\/post"}],"author":[{"embeddable":true,"href":"https:\/\/www.actualidadadiario.com\/index.php\/wp-json\/wp\/v2\/users\/3"}],"replies":[{"embeddable":true,"href":"https:\/\/www.actualidadadiario.com\/index.php\/wp-json\/wp\/v2\/comments?post=13925"}],"version-history":[{"count":1,"href":"https:\/\/www.actualidadadiario.com\/index.php\/wp-json\/wp\/v2\/posts\/13925\/revisions"}],"predecessor-version":[{"id":13927,"href":"https:\/\/www.actualidadadiario.com\/index.php\/wp-json\/wp\/v2\/posts\/13925\/revisions\/13927"}],"wp:featuredmedia":[{"embeddable":true,"href":"https:\/\/www.actualidadadiario.com\/index.php\/wp-json\/wp\/v2\/media\/13926"}],"wp:attachment":[{"href":"https:\/\/www.actualidadadiario.com\/index.php\/wp-json\/wp\/v2\/media?parent=13925"}],"wp:term":[{"taxonomy":"category","embeddable":true,"href":"https:\/\/www.actualidadadiario.com\/index.php\/wp-json\/wp\/v2\/categories?post=13925"},{"taxonomy":"post_tag","embeddable":true,"href":"https:\/\/www.actualidadadiario.com\/index.php\/wp-json\/wp\/v2\/tags?post=13925"}],"curies":[{"name":"wp","href":"https:\/\/api.w.org\/{rel}","templated":true}]}}