{"id":13922,"date":"2017-07-03T09:49:47","date_gmt":"2017-07-03T12:49:47","guid":{"rendered":"http:\/\/actualidadadiario.com\/site\/?p=13922"},"modified":"2017-07-03T09:49:47","modified_gmt":"2017-07-03T12:49:47","slug":"advierten-que-es-critica-la-situacion-de-la-industria-forestal-entrerriana","status":"publish","type":"post","link":"https:\/\/www.actualidadadiario.com\/index.php\/2017\/07\/03\/advierten-que-es-critica-la-situacion-de-la-industria-forestal-entrerriana\/","title":{"rendered":"Advierten que es cr\u00edtica la situaci\u00f3n de la industria forestal entrerriana"},"content":{"rendered":"<p><em><strong>La definici\u00f3n surge de los primeros datos del sondeo que se efect\u00faa entre establecimientos foresto-industriales. Desde el INTA Concordia adelantaron que se debe a la baja de las ventas<\/strong><\/em><\/p>\n<p>&nbsp;<\/p>\n<p>&nbsp;<\/p>\n<p>&nbsp;<\/p>\n<p>Se realiza en Entre R\u00edos, desde el pasado lunes 5, el Censo Nacional de Aserraderos cuyo objetivo central es relevar informaci\u00f3n que permita conocer el estado del sector foresto-industrial de la provincia. Por este motivo, el cuestionario est\u00e1 dirigido a obtener datos sobre la cantidad de personas empleadas, el volumen de materia prima consumida, el volumen de productos elaborados y los mercados consumidores, entre otros \u00edtems. Los datos que se releven en este censo permitir\u00e1n suministrar informaci\u00f3n actualizada a distintos organismos y, adem\u00e1s, servir\u00e1 de base para la toma de decisiones pol\u00edticas que favorezcan al sector.<\/p>\n<p>&nbsp;<\/p>\n<p>El trabajo del censo se lleva adelante de manera articulada entre t\u00e9cnicos de la Estaci\u00f3n Experimental Agropecuaria (EEA) Concordia del INTA y la Agencia de Extensi\u00f3n Rural (AER) Col\u00f3n del INTA junto a personal del Ministerio de Agroindustria de la Naci\u00f3n. Las entrevistas comenzaron el lunes 5 de junio y ya se han realizado encuestas en los departamentos Col\u00f3n, Uruguay y Federaci\u00f3n. La tarea tendr\u00e1 continuidad en Concordia y luego en el resto de los departamentos de Entre R\u00edos.<\/p>\n<p>&nbsp;<\/p>\n<p>Desde el INTA Concordia, sobre la base de la informaci\u00f3n que se ha podido recabar hasta el momento, expresaron, que las situaciones por la que est\u00e1n atravesando las industrias forestales &#8220;son cr\u00edticas&#8221; debido &#8220;a la baja en las ventas&#8221;.<\/p>\n<p>&nbsp;<\/p>\n<p>Por esta raz\u00f3n, remarcaron, &#8220;cobra importancia todo lo que se pueda indagar para que sea informaci\u00f3n de base y permita implementar pol\u00edticas que promuevan la actividad&#8221; en el sector.<\/p>\n<p>&nbsp;<\/p>\n<p>El \u00faltimo censo provincial de aserraderos se realiz\u00f3 en 2001, posteriormente el INTA Concordia realiz\u00f3 en entre 2008 y 2009 un relevamiento en los departamentos Col\u00f3n, Concordia y Federaci\u00f3n. Por lo tanto, remarcan en el INTA concordiense, &#8220;este censo es de gran relevancia para actualizar los datos existentes y conocer el progreso o retroceso&#8221; del sector en la provincia.<\/p>\n<p>&nbsp;<\/p>\n<p>Al finalizar el an\u00e1lisis de los datos del censo, la informaci\u00f3n ser\u00e1 puesta a disponibilidad de quien lo requiera mediante informes de los resultados, se\u00f1alaron desde el INTA Concordia.<\/p>\n","protected":false},"excerpt":{"rendered":"<p>La definici\u00f3n surge de los primeros datos del sondeo que se efect\u00faa entre establecimientos foresto-industriales. Desde el INTA Concordia adelantaron que se debe a la baja de las ventas &nbsp; &nbsp; &nbsp; Se realiza en Entre R\u00edos, desde el pasado lunes 5, el Censo Nacional de Aserraderos cuyo objetivo central es relevar informaci\u00f3n que permita conocer el estado del sector foresto-industrial de la provincia. Por este motivo, el cuestionario est\u00e1 dirigido a obtener datos sobre la cantidad de personas empleadas, el volumen de materia prima consumida, el volumen de productos&#8230;<\/p>\n","protected":false},"author":3,"featured_media":13923,"comment_status":"closed","ping_status":"closed","sticky":false,"template":"","format":"standard","meta":[],"categories":[15],"tags":[],"_links":{"self":[{"href":"https:\/\/www.actualidadadiario.com\/index.php\/wp-json\/wp\/v2\/posts\/13922"}],"collection":[{"href":"https:\/\/www.actualidadadiario.com\/index.php\/wp-json\/wp\/v2\/posts"}],"about":[{"href":"https:\/\/www.actualidadadiario.com\/index.php\/wp-json\/wp\/v2\/types\/post"}],"author":[{"embeddable":true,"href":"https:\/\/www.actualidadadiario.com\/index.php\/wp-json\/wp\/v2\/users\/3"}],"replies":[{"embeddable":true,"href":"https:\/\/www.actualidadadiario.com\/index.php\/wp-json\/wp\/v2\/comments?post=13922"}],"version-history":[{"count":1,"href":"https:\/\/www.actualidadadiario.com\/index.php\/wp-json\/wp\/v2\/posts\/13922\/revisions"}],"predecessor-version":[{"id":13924,"href":"https:\/\/www.actualidadadiario.com\/index.php\/wp-json\/wp\/v2\/posts\/13922\/revisions\/13924"}],"wp:featuredmedia":[{"embeddable":true,"href":"https:\/\/www.actualidadadiario.com\/index.php\/wp-json\/wp\/v2\/media\/13923"}],"wp:attachment":[{"href":"https:\/\/www.actualidadadiario.com\/index.php\/wp-json\/wp\/v2\/media?parent=13922"}],"wp:term":[{"taxonomy":"category","embeddable":true,"href":"https:\/\/www.actualidadadiario.com\/index.php\/wp-json\/wp\/v2\/categories?post=13922"},{"taxonomy":"post_tag","embeddable":true,"href":"https:\/\/www.actualidadadiario.com\/index.php\/wp-json\/wp\/v2\/tags?post=13922"}],"curies":[{"name":"wp","href":"https:\/\/api.w.org\/{rel}","templated":true}]}}