{"id":13916,"date":"2017-07-03T09:48:12","date_gmt":"2017-07-03T12:48:12","guid":{"rendered":"http:\/\/actualidadadiario.com\/site\/?p=13916"},"modified":"2017-07-03T09:48:12","modified_gmt":"2017-07-03T12:48:12","slug":"bordet-se-pronuncio-por-sostener-los-valores-de-la-abnegacion-y-el-trabajo","status":"publish","type":"post","link":"https:\/\/www.actualidadadiario.com\/index.php\/2017\/07\/03\/bordet-se-pronuncio-por-sostener-los-valores-de-la-abnegacion-y-el-trabajo\/","title":{"rendered":"Bordet se pronunci\u00f3 por sostener los valores de la abnegaci\u00f3n y el trabajo"},"content":{"rendered":"<p><em><strong>&#8220;Debemos honrar a nuestros precursores e inmigrantes que vinieron en busca de una esperanza y que nos dejaron valores muy profundos como la abnegaci\u00f3n, la honradez y el trabajo que es lo que tenemos que tomar en cuenta para la tarea de todos los d\u00edas en la gesti\u00f3n que nos toca&#8221;, dijo el mandatario este domingo en San Jos\u00e9 donde encabez\u00f3 las actividades oficiales por el 160\u00ba aniversario de esta localidad entrerriana<\/strong><\/em><\/p>\n<p>&nbsp;<\/p>\n<p>&nbsp;<\/p>\n<p>&nbsp;<\/p>\n<p>Junto a los embajadores de Francia en Argentina, Pierre Enri Guignard, y de Suiza, Hanspeter Mock, el ministro del Interior Rogelio Frigerio y la intendenta local Irma Monjo, el mandatario se\u00f1al\u00f3: \u201cEs un emotivo acto y le agradecemos a la intendenta y al senador Pablo Canali que nos han invitado a este evento que tiene un profundo sentido emotivo. Mis abuelos fueron parte de esta colonia, tengo parte de mis ra\u00edces aqu\u00ed en la zona\u201d.<\/p>\n<p>&nbsp;<\/p>\n<p>\u201cEstar conmemorando este aniversario de la ciudad de San Jos\u00e9 tiene por un lado un recuerdo pero por otro tambi\u00e9n el compromiso de seguir trabajando y aportando en conjunto desde la provincia, el municipio y la naci\u00f3n hacia el inter\u00e9s com\u00fan que es la mejor manera de honrar a nuestros precursores e inmigrantes que vinieron en busca de una esperanza y que nos dejaron valores muy profundos como la abnegaci\u00f3n y el trabajo que es lo que tenemos que tomar en cuenta para la tarea de todos los d\u00edas en la gesti\u00f3n que nos toca. Uno viene a este aniversario con muchas expectativas. De reencuentro y de lindos recuerdos pero tambi\u00e9n de esperanza y de poder proyectar todo aquello tan bueno para las generaciones futuras\u201d, dijo Bordet.<\/p>\n<p>&nbsp;<\/p>\n<p>Luego indic\u00f3. \u201cYo me he criado en esta zona, mis abuelos viv\u00edan ac\u00e1 cerca y s\u00e9 c\u00f3mo es la vida en estos lugares. Hay cosas que han ido mutando pero m\u00e1s all\u00e1 de los cambios, nuestros abuelos lo que nos dejaron son valores que van desde el trabajo, la abnegaci\u00f3n y la honradez, que es lo que debemos tomar en cuenta\u201d, dijo Bordet y tambi\u00e9n destac\u00f3 la importancia de la producci\u00f3n en la provincia.<\/p>\n<p>&nbsp;<\/p>\n<p>El gobernador tambi\u00e9n visit\u00f3 el museo de la ciudad y la muestra fotogr\u00e1fica all\u00ed expuesta y dijo que \u201ces extraordinario\u201d.<\/p>\n<p>&nbsp;<\/p>\n<p>&nbsp;<\/p>\n<p>En el acto, donde hubo desfile de instituciones educativas y de entidades referentes de la ciudad, tambi\u00e9n estuvieron el senador nacional Alfredo de \u00c1ngeli; los diputados nacionales Carolina Gaillard y Marcelo Monfort, legisladores provinciales, intendentes y funcionarios de Poder Ejecutivo provincial, y representantes de la Embajada de Italia y del consulado uruguayo en Entre R\u00edos, entre otras autoridades.<\/p>\n<p>&nbsp;<\/p>\n<p>&nbsp;<\/p>\n<p><strong>Salud <\/strong><\/p>\n<p>Por otra parte, Bordet, al ser consultado por la prensa, indic\u00f3 que se est\u00e1 trabajando fuertemente en temas de salud, ahora con la campa\u00f1a de invierno que tiende b\u00e1sicamente a disminuir la mortalidad materno infantil, y para reforzar todo el sistema de salud en la provincia. Dijo que tambi\u00e9n est\u00e1 contemplado dentro del sistema sanitario la construcci\u00f3n de un hospital regional en la zona de San Jos\u00e9.<\/p>\n<p>&nbsp;<\/p>\n<p>&nbsp;<\/p>\n<p><strong>Producci\u00f3n <\/strong><\/p>\n<p>Al ser consultado sobre la producci\u00f3n av\u00edcola, a prop\u00f3sito del d\u00eda de la avicultura que se celebra este domingo, el gobernador dijo que el sector atraviesa un momento dif\u00edcil y apunt\u00f3 que la semana pasada tuvo una reuni\u00f3n en Buenos Aires con la C\u00e1mara Av\u00edcola a pedido de los productores de la provincia. \u201cMe manifestaron que tienen mucha preocupaci\u00f3n porque est\u00e1n en una un situaci\u00f3n cr\u00edtica porque hay un tipo de cambio que no es competitivo y un mercado interno que est\u00e1 saturado y no se est\u00e1n pudiendo colocar los productos en el mercado externo. Pero venimos haciendo un esfuerzo muy grande para mantener las fuentes de trabajos y vamos a trabajar en conjunto. Me han pedido intermediaci\u00f3n y en esto vamos a seguir trabajando para ver cu\u00e1l es la v\u00eda para hacer competitiva esta producci\u00f3n y que se sigan sosteniendo y generando m\u00e1s puestos de empleo\u201d, indic\u00f3.<\/p>\n<p>&nbsp;<\/p>\n<p>En relaci\u00f3n al frigor\u00edfico de San Jos\u00e9 expres\u00f3 que el problema es tambi\u00e9n de competitividad que hace que la exportaci\u00f3n no tenga el precio que se requiere para cubrir los costos internos. \u201cEn esto hay que trabajar para ver c\u00f3mo se mejora la competitividad, sin que sea lo que habitualmente resulta m\u00e1s facial que es la devaluaci\u00f3n porque genera un proceso de inflaci\u00f3n que no beneficia a nadie. La soluci\u00f3n es trabajar en conjunto con el gobierno nacional para que sea sostenible este modelo productivo y la generaci\u00f3n de fuentes de empleo\u201d, remarc\u00f3 Bordet.<\/p>\n<p>&nbsp;<\/p>\n<p>&nbsp;<\/p>\n<p><strong>Reducci\u00f3n de d\u00e9ficit <\/strong><\/p>\n<p>Por \u00faltimo, en relaci\u00f3n a la administraci\u00f3n provincial dijo que si bien hay dificultades, se ha venido mejorando y se ha podido terminar este semestre con una reducci\u00f3n del d\u00e9ficit fiscal del 50 por ciento en comparaci\u00f3n con el primer semestre del a\u00f1o pasado que representa unos 1.200 millones de pesos, aunque apunt\u00f3 que todav\u00eda existe un d\u00e9ficit fiscal de un monto similar. \u201cVenimos proponiendo medidas para eliminar todo gasto superfluo y trabajando responsablemente en el manejo de las finanzas. Pero va a llevar un tiempo para lograr el equilibrio que nos propusimos que es terminar nuestra gesti\u00f3n en 2019 con un d\u00e9ficit cero\u201d, complet\u00f3 Bordet.<\/p>\n<p>&nbsp;<\/p>\n<p>&nbsp;<\/p>\n<p><strong>Otras actividades <\/strong><\/p>\n<p>El s\u00e1bado, la intendenta Irma Monjo recibi\u00f3 al embajador de Francia en Argentina, Pierre Enri Guignard, en el Monumento Nacional y Museo Provincial Molino Forclaz, junto al diputado nacional Marcelo Monfort, el secretario de Cultura de Entre R\u00edos, Faustino Schiavoni, funcionarios y concejales.<\/p>\n<p>&nbsp;<\/p>\n<p>La comitiva particip\u00f3 de una emotiva puesta en escena de la vida de Juan Forclaz y su familia, y las vicisitudes en torno a la producci\u00f3n familiar de harina en los primeros tiempos de la colonia San Jos\u00e9. En un recorrido por distintos lugares del predio que dur\u00f3 m\u00e1s de una hora, descendientes de los inmigrantes Forclaz, integrantes de la Asociaci\u00f3n de Amigos del Molino y su director, Juan Carlos Buet, realizaron la visita guiada teatralizada.<\/p>\n<p>&nbsp;<\/p>\n<p>Luego se dirigieron al Centro Saboyano donde fueron recibidos por su directora, Rosa Maxit, y el equipo docente. Recorrieron las instalaciones y firmaron el libro de visitas de la instituci\u00f3n. Guignard se interes\u00f3 por la ense\u00f1anza de la lengua francesa y de distintos aspectos del centro de estudios.<\/p>\n<p>&nbsp;<\/p>\n<p>Finalmente llegaron al Tiro Federal, donde eran esperados por deportistas de distintos puntos del pa\u00eds que participaron de un campeonato, cuyos premios fueron entregados por parte de las autoridades. Tambi\u00e9n se realiz\u00f3 una demostraci\u00f3n de armas antiguas y se invit\u00f3 al embajador y a los presentes a realizar pruebas de tiro, finalizando la jornada con un brindis de honor.<\/p>\n","protected":false},"excerpt":{"rendered":"<p>&#8220;Debemos honrar a nuestros precursores e inmigrantes que vinieron en busca de una esperanza y que nos dejaron valores muy profundos como la abnegaci\u00f3n, la honradez y el trabajo que es lo que tenemos que tomar en cuenta para la tarea de todos los d\u00edas en la gesti\u00f3n que nos toca&#8221;, dijo el mandatario este domingo en San Jos\u00e9 donde encabez\u00f3 las actividades oficiales por el 160\u00ba aniversario de esta localidad entrerriana &nbsp; &nbsp; &nbsp; Junto a los embajadores de Francia en Argentina, Pierre Enri Guignard, y de Suiza, Hanspeter&#8230;<\/p>\n","protected":false},"author":3,"featured_media":13917,"comment_status":"closed","ping_status":"closed","sticky":false,"template":"","format":"standard","meta":[],"categories":[9,15],"tags":[],"_links":{"self":[{"href":"https:\/\/www.actualidadadiario.com\/index.php\/wp-json\/wp\/v2\/posts\/13916"}],"collection":[{"href":"https:\/\/www.actualidadadiario.com\/index.php\/wp-json\/wp\/v2\/posts"}],"about":[{"href":"https:\/\/www.actualidadadiario.com\/index.php\/wp-json\/wp\/v2\/types\/post"}],"author":[{"embeddable":true,"href":"https:\/\/www.actualidadadiario.com\/index.php\/wp-json\/wp\/v2\/users\/3"}],"replies":[{"embeddable":true,"href":"https:\/\/www.actualidadadiario.com\/index.php\/wp-json\/wp\/v2\/comments?post=13916"}],"version-history":[{"count":1,"href":"https:\/\/www.actualidadadiario.com\/index.php\/wp-json\/wp\/v2\/posts\/13916\/revisions"}],"predecessor-version":[{"id":13918,"href":"https:\/\/www.actualidadadiario.com\/index.php\/wp-json\/wp\/v2\/posts\/13916\/revisions\/13918"}],"wp:featuredmedia":[{"embeddable":true,"href":"https:\/\/www.actualidadadiario.com\/index.php\/wp-json\/wp\/v2\/media\/13917"}],"wp:attachment":[{"href":"https:\/\/www.actualidadadiario.com\/index.php\/wp-json\/wp\/v2\/media?parent=13916"}],"wp:term":[{"taxonomy":"category","embeddable":true,"href":"https:\/\/www.actualidadadiario.com\/index.php\/wp-json\/wp\/v2\/categories?post=13916"},{"taxonomy":"post_tag","embeddable":true,"href":"https:\/\/www.actualidadadiario.com\/index.php\/wp-json\/wp\/v2\/tags?post=13916"}],"curies":[{"name":"wp","href":"https:\/\/api.w.org\/{rel}","templated":true}]}}