{"id":13913,"date":"2017-07-03T09:47:10","date_gmt":"2017-07-03T12:47:10","guid":{"rendered":"http:\/\/actualidadadiario.com\/site\/?p=13913"},"modified":"2017-07-03T09:47:10","modified_gmt":"2017-07-03T12:47:10","slug":"entre-rios-defendera-en-el-senado-de-la-nacion-su-derecho-sobre-fondos-coparticipables","status":"publish","type":"post","link":"https:\/\/www.actualidadadiario.com\/index.php\/2017\/07\/03\/entre-rios-defendera-en-el-senado-de-la-nacion-su-derecho-sobre-fondos-coparticipables\/","title":{"rendered":"Entre R\u00edos defender\u00e1 en el Senado de la Naci\u00f3n su derecho sobre fondos coparticipables"},"content":{"rendered":"<p><em><strong>El gobernador Gustavo Bordet y la senadora nacional Sigrid Kunath analizaron la estrategia de Entre R\u00edos frente a la demanda presentada por la provincia Buenos Aires para reformar la Ley Nacional 24.621. La medida judicial del gobierno bonaerense reclama para s\u00ed la totalidad del 10 por ciento de la recaudaci\u00f3n del impuesto a las ganancias, lo que s\u00f3lo en 2017, representa una merma de 3500 millones en el presupuesto entrerriano<\/strong><\/em><\/p>\n<p>&nbsp;<\/p>\n<p>&nbsp;<\/p>\n<p>&nbsp;<\/p>\n<p>\u201cTal como lo hacemos peri\u00f3dicamente, abordamos con el gobernador diversos temas que hacen a la agenda legislativa de Entre R\u00edos en el Senado de la Naci\u00f3n. En esta oportunidad, hablamos sobre las implicancias que tiene para la provincia la demanda presentada por el gobierno de la provincia de Buenos Aires para reformar la distribuci\u00f3n del 10 por ciento del impuesto a las ganancias, conocido desde su creaci\u00f3n como Fondo de Reparaci\u00f3n Hist\u00f3rica\u201d, explic\u00f3 al t\u00e9rmino del encuentro la senadora Kunath.<\/p>\n<p>&nbsp;<\/p>\n<p>La legisladora destac\u00f3 la estrategia provincial en este tema, y puso en conocimiento del gobernador el proyecto de resoluci\u00f3n que present\u00f3 en la C\u00e1mara Alta solicitando \u201cla necesidad de que la discusi\u00f3n del tema en conflicto sea llevada a cabo en el Senado, \u00f3rgano constitucional donde se encuentran representadas todas las provincias\u201d, remarc\u00f3.<\/p>\n<p>&nbsp;<\/p>\n<p>Kunath llam\u00f3 a \u201cno mirar el problema \u00fanicamente desde la perspectiva de Buenos Aires, sino teniendo en cuenta las implicancias que esto tiene para todas las provincias\u201d, porque \u201cen el hipot\u00e9tico caso de que por el cambio de las circunstancias f\u00e1cticas el tope resulte injusto e inequitativo, una declaraci\u00f3n de inconstitucionalidad y el reconocimiento de la pretensi\u00f3n de la actora provocar\u00eda el mismo efecto adverso sobre el conjunto de las otras provincias\u201d.<\/p>\n<p>&nbsp;<\/p>\n<p>\u201cHoy ser\u00eda la Corte Suprema de Justicia de la Naci\u00f3n quien, al resolver un una situaci\u00f3n en particular, perjudicar\u00eda al resto del pa\u00eds\u201d, explic\u00f3 Kunath. En ese sentido, \u201cesto dar\u00eda pie a que cada provincia promueva nuevas demandas por la inequidad que un fallo de tales dimensiones generar\u00eda\u201d, advirti\u00f3.<\/p>\n<p>&nbsp;<\/p>\n<p>La senadora entrerriana resalt\u00f3 que \u201cla intenci\u00f3n de los legisladores, en 1996, fue no perjudicar a la provincia de Buenos Aires, sino todo lo contrario: manteniendo un status quo, la intenci\u00f3n fue tambi\u00e9n beneficiar con el crecimiento econ\u00f3mico al resto de las provincias, que tambi\u00e9n tienen necesidades atendibles, brind\u00e1ndoles el excedente que se habr\u00eda de generar entre el tope y el 10 por ciento de la recaudaci\u00f3n\u201d.<\/p>\n<p>&nbsp;<\/p>\n<p>Ahora bien, \u201csi la situaci\u00f3n f\u00e1ctica ha cambiado, no es una soluci\u00f3n posible resolver en perjuicio del resto de las jurisdicciones\u201d, subrayo Kunath, y reafirm\u00f3: \u201centendemos que es esta una cuesti\u00f3n que debe ser abordada de inmediato por el Congreso Nacional, y que requiere de una respuesta pol\u00edtica arribada a trav\u00e9s de un acuerdo entre todos los actores participantes, tal como lo establece la Constituci\u00f3n Nacional y las normas correspondientes\u201d.<\/p>\n<p>&nbsp;<\/p>\n<p>Por \u00faltimo, Kunath cont\u00f3 que \u201ctambi\u00e9n abordamos con el gobernador otros temas en los que venimos trabajando de manera coordinada junto a funcionarios y funcionarias provinciales, entre ellos las pol\u00edticas para la prevenci\u00f3n y erradicaci\u00f3n de la violencia de g\u00e9nero hacia las mujeres, en donde Entre R\u00edos viene dando pasos fundamentales\u201d, concluy\u00f3.<\/p>\n","protected":false},"excerpt":{"rendered":"<p>El gobernador Gustavo Bordet y la senadora nacional Sigrid Kunath analizaron la estrategia de Entre R\u00edos frente a la demanda presentada por la provincia Buenos Aires para reformar la Ley Nacional 24.621. La medida judicial del gobierno bonaerense reclama para s\u00ed la totalidad del 10 por ciento de la recaudaci\u00f3n del impuesto a las ganancias, lo que s\u00f3lo en 2017, representa una merma de 3500 millones en el presupuesto entrerriano &nbsp; &nbsp; &nbsp; \u201cTal como lo hacemos peri\u00f3dicamente, abordamos con el gobernador diversos temas que hacen a la agenda legislativa&#8230;<\/p>\n","protected":false},"author":3,"featured_media":13914,"comment_status":"closed","ping_status":"closed","sticky":false,"template":"","format":"standard","meta":[],"categories":[9,15],"tags":[],"_links":{"self":[{"href":"https:\/\/www.actualidadadiario.com\/index.php\/wp-json\/wp\/v2\/posts\/13913"}],"collection":[{"href":"https:\/\/www.actualidadadiario.com\/index.php\/wp-json\/wp\/v2\/posts"}],"about":[{"href":"https:\/\/www.actualidadadiario.com\/index.php\/wp-json\/wp\/v2\/types\/post"}],"author":[{"embeddable":true,"href":"https:\/\/www.actualidadadiario.com\/index.php\/wp-json\/wp\/v2\/users\/3"}],"replies":[{"embeddable":true,"href":"https:\/\/www.actualidadadiario.com\/index.php\/wp-json\/wp\/v2\/comments?post=13913"}],"version-history":[{"count":1,"href":"https:\/\/www.actualidadadiario.com\/index.php\/wp-json\/wp\/v2\/posts\/13913\/revisions"}],"predecessor-version":[{"id":13915,"href":"https:\/\/www.actualidadadiario.com\/index.php\/wp-json\/wp\/v2\/posts\/13913\/revisions\/13915"}],"wp:featuredmedia":[{"embeddable":true,"href":"https:\/\/www.actualidadadiario.com\/index.php\/wp-json\/wp\/v2\/media\/13914"}],"wp:attachment":[{"href":"https:\/\/www.actualidadadiario.com\/index.php\/wp-json\/wp\/v2\/media?parent=13913"}],"wp:term":[{"taxonomy":"category","embeddable":true,"href":"https:\/\/www.actualidadadiario.com\/index.php\/wp-json\/wp\/v2\/categories?post=13913"},{"taxonomy":"post_tag","embeddable":true,"href":"https:\/\/www.actualidadadiario.com\/index.php\/wp-json\/wp\/v2\/tags?post=13913"}],"curies":[{"name":"wp","href":"https:\/\/api.w.org\/{rel}","templated":true}]}}