{"id":138857,"date":"2026-09-04T09:42:11","date_gmt":"2026-09-04T12:42:11","guid":{"rendered":"https:\/\/www.actualidadadiario.com\/?p=138857"},"modified":"2026-09-04T09:42:11","modified_gmt":"2026-09-04T12:42:11","slug":"a-partir-de-este-viernes-vuelven-a-bajar-las-temperaturas","status":"publish","type":"post","link":"https:\/\/www.actualidadadiario.com\/index.php\/2026\/09\/04\/a-partir-de-este-viernes-vuelven-a-bajar-las-temperaturas\/","title":{"rendered":"A partir de este viernes vuelven a bajar las temperaturas"},"content":{"rendered":"<p style=\"text-align: center;\"><em><strong>El pron\u00f3stico extendido anticipa un fuerte descenso de las temperaturas. Se tratar\u00eda del \u00faltimo frente fr\u00edo del invierno antes de la llegada de la primavera<\/strong><\/em><\/p>\n<p>&nbsp;<\/p>\n<p>&nbsp;<\/p>\n<p>El Servicio Meteorol\u00f3gico Nacional -SMN- pronostica un viernes con buen clima en la provincia. No hay anuncio de lluvias pero si se prev\u00e9 un descenso de las temperaturas, las que rondar\u00e1n entre los 9 y los 18 grados.<\/p>\n<p>Para el domingo se pronostican temperaturas m\u00ednimas de entre 2 y 3 grados en la provincia, con variaciones seg\u00fan las zonas. Las m\u00e1ximas tambi\u00e9n estar\u00e1n muy bajas, cercanas a los 13, 14 y 15 grados.<\/p>\n<p>&nbsp;<\/p>\n<p><strong>Pron\u00f3stico para hoy<\/strong><\/p>\n<p>En Paran\u00e1, La Paz, Victoria, Nogoy\u00e1 y Diamante se espera que la m\u00ednima sea de 9 grados y la m\u00e1xima de 18 grados. En la capital y alrededores se espera una jornada con cielo algo nublado.<\/p>\n<p>En Concordia, Federal, Federaci\u00f3n, Feliciano y San Salvador habr\u00e1 m\u00ednima de 9 grados y m\u00e1xima de 18 grados. En estas ciudades se anuncia tambi\u00e9n habr\u00e1 cielo algo nublado.<\/p>\n<p>En Gualeguaych\u00fa, Gualeguay, Concepci\u00f3n del Uruguay y Col\u00f3n por \u00faltimo, se aguarda por un viernes con algunas nubes. Las temperaturas ser\u00e1n similares a las de las localidades anteriores, con una m\u00ednima de 8 grados y una m\u00e1xima de 18 grados.<\/p>\n","protected":false},"excerpt":{"rendered":"<p>El pron\u00f3stico extendido anticipa un fuerte descenso de las temperaturas. Se tratar\u00eda del \u00faltimo frente fr\u00edo del invierno antes de la llegada de la primavera &nbsp; &nbsp; El Servicio Meteorol\u00f3gico Nacional -SMN- pronostica un viernes con buen clima en la provincia. No hay anuncio de lluvias pero si se prev\u00e9 un descenso de las temperaturas, las que rondar\u00e1n entre los 9 y los 18 grados. Para el domingo se pronostican temperaturas m\u00ednimas de entre 2 y 3 grados en la provincia, con variaciones seg\u00fan las zonas. Las m\u00e1ximas tambi\u00e9n estar\u00e1n&#8230;<\/p>\n","protected":false},"author":3,"featured_media":130489,"comment_status":"closed","ping_status":"closed","sticky":false,"template":"","format":"standard","meta":[],"categories":[15],"tags":[],"_links":{"self":[{"href":"https:\/\/www.actualidadadiario.com\/index.php\/wp-json\/wp\/v2\/posts\/138857"}],"collection":[{"href":"https:\/\/www.actualidadadiario.com\/index.php\/wp-json\/wp\/v2\/posts"}],"about":[{"href":"https:\/\/www.actualidadadiario.com\/index.php\/wp-json\/wp\/v2\/types\/post"}],"author":[{"embeddable":true,"href":"https:\/\/www.actualidadadiario.com\/index.php\/wp-json\/wp\/v2\/users\/3"}],"replies":[{"embeddable":true,"href":"https:\/\/www.actualidadadiario.com\/index.php\/wp-json\/wp\/v2\/comments?post=138857"}],"version-history":[{"count":1,"href":"https:\/\/www.actualidadadiario.com\/index.php\/wp-json\/wp\/v2\/posts\/138857\/revisions"}],"predecessor-version":[{"id":138858,"href":"https:\/\/www.actualidadadiario.com\/index.php\/wp-json\/wp\/v2\/posts\/138857\/revisions\/138858"}],"wp:featuredmedia":[{"embeddable":true,"href":"https:\/\/www.actualidadadiario.com\/index.php\/wp-json\/wp\/v2\/media\/130489"}],"wp:attachment":[{"href":"https:\/\/www.actualidadadiario.com\/index.php\/wp-json\/wp\/v2\/media?parent=138857"}],"wp:term":[{"taxonomy":"category","embeddable":true,"href":"https:\/\/www.actualidadadiario.com\/index.php\/wp-json\/wp\/v2\/categories?post=138857"},{"taxonomy":"post_tag","embeddable":true,"href":"https:\/\/www.actualidadadiario.com\/index.php\/wp-json\/wp\/v2\/tags?post=138857"}],"curies":[{"name":"wp","href":"https:\/\/api.w.org\/{rel}","templated":true}]}}