{"id":138854,"date":"2026-09-04T09:41:33","date_gmt":"2026-09-04T12:41:33","guid":{"rendered":"https:\/\/www.actualidadadiario.com\/?p=138854"},"modified":"2026-09-04T09:41:33","modified_gmt":"2026-09-04T12:41:33","slug":"locales-vacios-el-fenomeno-que-muestra-senales-en-parana-y-concordia","status":"publish","type":"post","link":"https:\/\/www.actualidadadiario.com\/index.php\/2026\/09\/04\/locales-vacios-el-fenomeno-que-muestra-senales-en-parana-y-concordia\/","title":{"rendered":"Locales vac\u00edos: el fen\u00f3meno que muestra se\u00f1ales en Paran\u00e1 y Concordia"},"content":{"rendered":"<p style=\"text-align: center;\"><em><strong>Un informe de la CAC detect\u00f3 en Paran\u00e1 m\u00e1s de 100 persianas bajas y en Concordia el 15% de los espacios c\u00e9ntricos analizados estaba vac\u00edo<\/strong><\/em><\/p>\n<p>&nbsp;<\/p>\n<p>&nbsp;<\/p>\n<p>La cantidad de locales vac\u00edos vuelve a encender se\u00f1ales de alerta sobre la actividad comercial. Un nuevo informe de la C\u00e1mara Argentina de Comercio y Servicios (CAC) detect\u00f3 un incremento interanual de los establecimientos sin actividad en las principales zonas comerciales de la Ciudad de Buenos Aires, mientras relevamientos realizados en Paran\u00e1 y Concordia muestran que el fen\u00f3meno tambi\u00e9n tiene una expresi\u00f3n significativa en Entre R\u00edos.<\/p>\n<p>Seg\u00fan el relevamiento correspondiente al bimestre julio-agosto de 2026, la CAC contabiliz\u00f3 284 locales en venta, alquiler o cerrados en las arterias comerciales analizadas de CABA. La cifra representa un incremento del 4% respecto del mismo per\u00edodo de 2025.<\/p>\n<p>Sin embargo, frente al bimestre inmediatamente anterior hubo una leve mejora: en mayo-junio se hab\u00edan registrado 291 establecimientos vac\u00edos, por lo que la cantidad disminuy\u00f3 un 2,4% en la \u00faltima medici\u00f3n.<\/p>\n<p>&nbsp;<\/p>\n<p><strong>Los locales en alquiler aumentaron m\u00e1s de 120% en un a\u00f1o<\/strong><\/p>\n<p>Uno de los datos que m\u00e1s sobresale del informe aparece al observar exclusivamente los inmuebles ofrecidos en el mercado.<\/p>\n<p>Los locales publicados en alquiler aumentaron 120,4% respecto de julio-agosto de 2025. En comparaci\u00f3n con mayo-junio de este a\u00f1o, la suba fue del 6,9%.<\/p>\n<p>La situaci\u00f3n fue diferente entre los establecimientos ofrecidos en venta: disminuyeron 8,7% frente al bimestre anterior y registraron una ca\u00edda interanual del 32,3%.<\/p>\n<p>&nbsp;<\/p>\n<p><strong>Paran\u00e1 y m\u00e1s de 100 locales sin actividad<\/strong><\/p>\n<p>Aunque el estudio de la CAC no comprende ciudades de Entre R\u00edos, distintos relevamientos locales permiten observar una situaci\u00f3n similar en Paran\u00e1.<\/p>\n<p>Un censo difundido este a\u00f1o por el Centro Comercial e Industrial de Paran\u00e1 hab\u00eda contabilizado 113 locales vac\u00edos sobre un universo de 697 establecimientos relevados, lo que representa aproximadamente el 16% del total analizado.<\/p>\n<p>De esos espacios sin actividad, 76 estaban ubicados en la zona de mayor circulaci\u00f3n comercial de la capital entrerriana, uno de los sectores hist\u00f3ricamente m\u00e1s buscados por los negocios debido al movimiento de potenciales clientes.<\/p>\n<p>&nbsp;<\/p>\n<p><strong>El panorama comercial en la capital entrerriana<\/strong><\/p>\n<p>La situaci\u00f3n continu\u00f3 apareciendo en relevamientos posteriores del sector. En julio, el Centro Comercial e Industrial de Paran\u00e1 volvi\u00f3 a advertir que exist\u00edan alrededor de 100 locales cerrados solamente en el microcentro, cifra que superaba los 120 al incorporar sectores aleda\u00f1os.<\/p>\n<p>Desde la entidad aclararon, adem\u00e1s, que no todos los locales desocupados necesariamente representan cierres definitivos. Existen comercios que se trasladan hacia propiedades con menores costos, modifican su modalidad de atenci\u00f3n o directamente migran hacia canales de venta digital.<\/p>\n<p>No obstante, representantes comerciales vienen se\u00f1alando que buena parte de las persianas bajas responde a negocios que dejaron de funcionar, en un escenario marcado por un consumo cauteloso y dificultades para afrontar los costos operativos.<\/p>\n<p>&nbsp;<\/p>\n<p><strong>Concordia: 27 locales vac\u00edos sobre 170 relevados<\/strong><\/p>\n<p>Una fotograf\u00eda reciente de la situaci\u00f3n aparece tambi\u00e9n en Concordia. Un relevamiento difundido este jueves analiz\u00f3 170 locales ubicados en el radio c\u00e9ntrico y encontr\u00f3 27 espacios vac\u00edos.<\/p>\n<p>La cifra equivale a alrededor del 15% de los establecimientos observados. El sondeo comprendi\u00f3 locales ubicados sobre calles San Luis, Entre R\u00edos y Urquiza, adem\u00e1s de sectores laterales.<\/p>\n<p>Desde el \u00e1mbito inmobiliario local se\u00f1alaron que existe inter\u00e9s y consultas por algunas de las propiedades disponibles, aunque muchas de esas averiguaciones finalmente no se convierten en nuevos alquileres.<\/p>\n<p>&nbsp;<\/p>\n<p><strong>Las ventas, otra se\u00f1al de alerta en Concordia<\/strong><\/p>\n<p>El escenario se complementa con los datos sobre actividad comercial conocidos recientemente. El Centro de Comercio, Industria y Servicios de Concordia inform\u00f3 que su relevamiento de julio mostr\u00f3 una fuerte ca\u00edda interanual de las ventas y la actividad entre las empresas consultadas.<\/p>\n<p>El presidente de la entidad, Adri\u00e1n Lampazzi, calific\u00f3 el escenario como cada vez m\u00e1s preocupante y alert\u00f3 sobre el reducido margen financiero que tienen las peque\u00f1as y medianas empresas para atravesar nuevas dificultades.<\/p>\n<p>La situaci\u00f3n alcanza a comercios, industrias y empresas de servicios y se combina, en esa regi\u00f3n de Entre R\u00edos, con las dificultades que atraviesan actividades productivas importantes como la citricultura y la industria de la madera.<\/p>\n<p>&nbsp;<\/p>\n<p><strong>Un fen\u00f3meno que atraviesa distintos centros comerciales<\/strong><\/p>\n<p>Los n\u00fameros de CABA, Paran\u00e1 y Concordia permiten observar un denominador com\u00fan: la presencia de numerosos inmuebles comerciales sin actividad en algunos de los principales centros urbanos del pa\u00eds y de Entre R\u00edos.<\/p>\n<p>El \u00faltimo dato nacional de la CAC agrega otra variable para analizar el escenario. Su Indicador de Consumo mostr\u00f3 en julio un crecimiento del 2% interanual y del 0,9% respecto de junio, aunque la propia entidad se\u00f1al\u00f3 que el consumo viene mostrando un comportamiento irregular, alternando meses con avances y retrocesos.<\/p>\n<p>Mientras CABA registr\u00f3 284 locales sin actividad en las \u00e1reas relevadas, Paran\u00e1 contabiliz\u00f3 m\u00e1s de 100 espacios comerciales vac\u00edos en distintos relevamientos y Concordia encontr\u00f3 27 sobre 170 establecimientos c\u00e9ntricos analizados. Tres fotograf\u00edas diferentes que vuelven a poner el foco sobre las dificultades que enfrenta el comercio para sostener la actividad.<\/p>\n","protected":false},"excerpt":{"rendered":"<p>Un informe de la CAC detect\u00f3 en Paran\u00e1 m\u00e1s de 100 persianas bajas y en Concordia el 15% de los espacios c\u00e9ntricos analizados estaba vac\u00edo &nbsp; &nbsp; La cantidad de locales vac\u00edos vuelve a encender se\u00f1ales de alerta sobre la actividad comercial. Un nuevo informe de la C\u00e1mara Argentina de Comercio y Servicios (CAC) detect\u00f3 un incremento interanual de los establecimientos sin actividad en las principales zonas comerciales de la Ciudad de Buenos Aires, mientras relevamientos realizados en Paran\u00e1 y Concordia muestran que el fen\u00f3meno tambi\u00e9n tiene una expresi\u00f3n significativa&#8230;<\/p>\n","protected":false},"author":3,"featured_media":138855,"comment_status":"closed","ping_status":"closed","sticky":false,"template":"","format":"standard","meta":[],"categories":[15],"tags":[],"_links":{"self":[{"href":"https:\/\/www.actualidadadiario.com\/index.php\/wp-json\/wp\/v2\/posts\/138854"}],"collection":[{"href":"https:\/\/www.actualidadadiario.com\/index.php\/wp-json\/wp\/v2\/posts"}],"about":[{"href":"https:\/\/www.actualidadadiario.com\/index.php\/wp-json\/wp\/v2\/types\/post"}],"author":[{"embeddable":true,"href":"https:\/\/www.actualidadadiario.com\/index.php\/wp-json\/wp\/v2\/users\/3"}],"replies":[{"embeddable":true,"href":"https:\/\/www.actualidadadiario.com\/index.php\/wp-json\/wp\/v2\/comments?post=138854"}],"version-history":[{"count":1,"href":"https:\/\/www.actualidadadiario.com\/index.php\/wp-json\/wp\/v2\/posts\/138854\/revisions"}],"predecessor-version":[{"id":138856,"href":"https:\/\/www.actualidadadiario.com\/index.php\/wp-json\/wp\/v2\/posts\/138854\/revisions\/138856"}],"wp:featuredmedia":[{"embeddable":true,"href":"https:\/\/www.actualidadadiario.com\/index.php\/wp-json\/wp\/v2\/media\/138855"}],"wp:attachment":[{"href":"https:\/\/www.actualidadadiario.com\/index.php\/wp-json\/wp\/v2\/media?parent=138854"}],"wp:term":[{"taxonomy":"category","embeddable":true,"href":"https:\/\/www.actualidadadiario.com\/index.php\/wp-json\/wp\/v2\/categories?post=138854"},{"taxonomy":"post_tag","embeddable":true,"href":"https:\/\/www.actualidadadiario.com\/index.php\/wp-json\/wp\/v2\/tags?post=138854"}],"curies":[{"name":"wp","href":"https:\/\/api.w.org\/{rel}","templated":true}]}}